{"id":309822,"date":"2024-10-09T08:06:59","date_gmt":"2024-10-09T05:06:59","guid":{"rendered":"https:\/\/sana.sy\/tr\/?p=309822"},"modified":"2024-10-09T15:58:17","modified_gmt":"2024-10-09T12:58:17","slug":"suriye-isgalci-israilin-samin-mezze-mahallesinde-savunmasiz-sivillere-karsi-isledigi-vahsi-sucu-en-guclu-ifadelerle-kinadi","status":"publish","type":"post","link":"https:\/\/archive.sana.sy\/tr\/?p=309822","title":{"rendered":"Suriye, \u0130\u015fgalci \u0130srail&#8217;in \u015eam&#8217;\u0131n Mezze Mahallesinde Savunmas\u0131z Sivillere Kar\u015f\u0131 \u0130\u015fledi\u011fi Vah\u015fi Su\u00e7u En G\u00fc\u00e7l\u00fc \u0130fadelerle K\u0131nad\u0131"},"content":{"rendered":"<p style=\"text-align: justify;\"><strong>\u015eAM (SANA)<\/strong> &#8211; Suriye, \u0130srail i\u015fgal varl\u0131\u011f\u0131n\u0131n \u015eam&#8217;\u0131n yo\u011fun n\u00fcfuslu Mezze mahallesinde savunmas\u0131z sivillere kar\u015f\u0131 i\u015fledi\u011fi vah\u015fi su\u00e7u en g\u00fc\u00e7l\u00fc ifadelerle k\u0131nayarak, bu varl\u0131\u011f\u0131n, masum insanlar\u0131n kan\u0131n\u0131 d\u00f6kmeye, b\u00f6lgede kaos yaratmaya ve onu feci sonu\u00e7lar do\u011furacak bir \u00e7at\u0131\u015fmaya s\u00fcr\u00fcklemeye dayal\u0131 yakla\u015f\u0131m\u0131n\u0131 s\u00fcrd\u00fcrmekten cayd\u0131rmak i\u00e7in acil tedbirlerin al\u0131nmas\u0131 gerekti\u011fini vurgulad\u0131.<\/p>\n<p style=\"text-align: justify;\">D\u0131\u015fi\u015fleri Bakanl\u0131\u011f\u0131&#8217;ndan bir n\u00fcshas\u0131 SANA&#8217;ya ula\u015fan a\u00e7\u0131klamada \u015fu ifadelere yer verildi: &#8221;Uluslararas\u0131 hukuk ihlallerini ve b\u00f6lge \u00fclke ve halklar\u0131na y\u00f6nelik vah\u015fi sald\u0131rganl\u0131\u011f\u0131n\u0131n kapsam\u0131n\u0131 geni\u015fletme kararl\u0131l\u0131\u011f\u0131n\u0131 daha da ileriye ta\u015f\u0131yarak, bu ak\u015fam \u0130srail i\u015fgal g\u00fc\u00e7leri, i\u015fgal alt\u0131ndaki Suriye Golan&#8217;\u0131 y\u00f6n\u00fcnden \u015eam&#8217;\u0131n yo\u011fun n\u00fcfuslu Mezze mahallesindeki bir konut binas\u0131na \u00fc\u00e7 f\u00fczeyle hava sald\u0131rganl\u0131\u011f\u0131 d\u00fczenledi. \u0130lk ba\u015fta aralar\u0131nda \u00e7ocuklar\u0131n ve kad\u0131nlar\u0131n da bulundu\u011fu yedi sivilin \u015fehit olmas\u0131 ve di\u011fer on bir ki\u015finin yaralanmas\u0131, \u00e7evredeki \u00f6zel m\u00fclkte ciddi maddi hasara yol a\u00e7t\u0131.&#8221;<\/p>\n<p style=\"text-align: justify;\">D\u0131\u015fi\u015fleri Bakanl\u0131\u011f\u0131 ayr\u0131ca, &#8221;Suriye, bu gasp\u00e7\u0131 varl\u0131\u011f\u0131n Filistinlilere ve L\u00fcbnanl\u0131lara kar\u015f\u0131 i\u015fledi\u011fi soyk\u0131r\u0131m su\u00e7lar\u0131n\u0131n bir uzant\u0131s\u0131 olan, savunmas\u0131z sivillere kar\u015f\u0131 i\u015flenen bu vah\u015fi su\u00e7u en g\u00fc\u00e7l\u00fc ifadelerle k\u0131n\u0131yor ve cinayeti yaymaya, masum insanlar\u0131n kan\u0131n\u0131 d\u00f6kmeye, b\u00f6lgeye y\u0131k\u0131m ve kaos yaymaya, felaketle sonu\u00e7lanacak bir \u00e7at\u0131\u015fmaya s\u00fcr\u00fcklemeye dayal\u0131 su\u00e7 yakla\u015f\u0131m\u0131n\u0131 s\u00fcrd\u00fcrmekten cayd\u0131rmak i\u00e7in acil tedbirlerin al\u0131nmas\u0131 gerekti\u011fini vurguluyor&#8221; ifadelerini s\u00f6zlerine ekledi.<\/p>\n<p style=\"text-align: center;\"><strong><a href=\"https:\/\/t.me\/SuriyeArapHaberAjansI\">Telegram Kanal\u0131m\u0131z\u00a0<\/a>||<a href=\"https:\/\/twitter.com\/arap_ajans\">X Platformumuz\u00a0<\/a>||<a href=\"https:\/\/www.facebook.com\/SANAHaberAjansi\/\">Facebook Sayfam\u0131z<\/a><\/strong><\/p>\n","protected":false},"excerpt":{"rendered":"<p>\u015eAM (SANA) &#8211; Suriye, \u0130srail i\u015fgal varl\u0131\u011f\u0131n\u0131n \u015eam&#8217;\u0131n yo\u011fun n\u00fcfuslu Mezze mahallesinde savunmas\u0131z sivillere kar\u015f\u0131 i\u015fledi\u011fi vah\u015fi su\u00e7u en g\u00fc\u00e7l\u00fc ifadelerle k\u0131nayarak, bu varl\u0131\u011f\u0131n, masum insanlar\u0131n kan\u0131n\u0131 d\u00f6kmeye, b\u00f6lgede kaos yaratmaya ve onu feci sonu\u00e7lar do\u011furacak bir \u00e7at\u0131\u015fmaya s\u00fcr\u00fcklemeye dayal\u0131 yakla\u015f\u0131m\u0131n\u0131 s\u00fcrd\u00fcrmekten cayd\u0131rmak i\u00e7in acil tedbirlerin al\u0131nmas\u0131 gerekti\u011fini vurgulad\u0131. D\u0131\u015fi\u015fleri Bakanl\u0131\u011f\u0131&#8217;ndan bir n\u00fcshas\u0131 SANA&#8217;ya ula\u015fan &hellip;<\/p>\n","protected":false},"author":36,"featured_media":309823,"comment_status":"closed","ping_status":"closed","sticky":false,"template":"","format":"standard","meta":{"footnotes":""},"categories":[589,479,17988,478],"tags":[],"class_list":["post-309822","post","type-post","status-publish","format-standard","has-post-thumbnail","","category-haber-seridi","category-haberler-yerel","category-son-haberler","category-yerel"],"_links":{"self":[{"href":"https:\/\/archive.sana.sy\/tr\/index.php?rest_route=\/wp\/v2\/posts\/309822","targetHints":{"allow":["GET"]}}],"collection":[{"href":"https:\/\/archive.sana.sy\/tr\/index.php?rest_route=\/wp\/v2\/posts"}],"about":[{"href":"https:\/\/archive.sana.sy\/tr\/index.php?rest_route=\/wp\/v2\/types\/post"}],"author":[{"embeddable":true,"href":"https:\/\/archive.sana.sy\/tr\/index.php?rest_route=\/wp\/v2\/users\/36"}],"replies":[{"embeddable":true,"href":"https:\/\/archive.sana.sy\/tr\/index.php?rest_route=%2Fwp%2Fv2%2Fcomments&post=309822"}],"version-history":[{"count":2,"href":"https:\/\/archive.sana.sy\/tr\/index.php?rest_route=\/wp\/v2\/posts\/309822\/revisions"}],"predecessor-version":[{"id":309850,"href":"https:\/\/archive.sana.sy\/tr\/index.php?rest_route=\/wp\/v2\/posts\/309822\/revisions\/309850"}],"wp:featuredmedia":[{"embeddable":true,"href":"https:\/\/archive.sana.sy\/tr\/index.php?rest_route=\/wp\/v2\/media\/309823"}],"wp:attachment":[{"href":"https:\/\/archive.sana.sy\/tr\/index.php?rest_route=%2Fwp%2Fv2%2Fmedia&parent=309822"}],"wp:term":[{"taxonomy":"category","embeddable":true,"href":"https:\/\/archive.sana.sy\/tr\/index.php?rest_route=%2Fwp%2Fv2%2Fcategories&post=309822"},{"taxonomy":"post_tag","embeddable":true,"href":"https:\/\/archive.sana.sy\/tr\/index.php?rest_route=%2Fwp%2Fv2%2Ftags&post=309822"}],"curies":[{"name":"wp","href":"https:\/\/api.w.org\/{rel}","templated":true}]}}