{"id":309828,"date":"2024-10-09T05:47:47","date_gmt":"2024-10-09T02:47:47","guid":{"rendered":"https:\/\/sana.sy\/tr\/?p=309828"},"modified":"2024-10-09T18:29:46","modified_gmt":"2024-10-09T15:29:46","slug":"sam-universitesi-times-egitim-ve-arastirma-siniflandirmasina-uluslararasi-versiyonuyla-girdi","status":"publish","type":"post","link":"https:\/\/archive.sana.sy\/tr\/?p=309828","title":{"rendered":"\u015eam \u00dcniversitesi, Times E\u011fitim ve Ara\u015ft\u0131rma S\u0131n\u0131fland\u0131rmas\u0131na Uluslararas\u0131 Versiyonuyla Girdi"},"content":{"rendered":"<p style=\"text-align: justify;\"><strong>\u015eAM (SANA) &#8211; <\/strong>\u015eam \u00dcniversitesi, Times E\u011fitim ve Ara\u015ft\u0131rma S\u0131n\u0131fland\u0131rmas\u0131n\u0131n uluslararas\u0131 versiyonuna veya Times Genel veya D\u00fcnya S\u0131n\u0131fland\u0131rmas\u0131 olarak bilinen s\u0131n\u0131fland\u0131rmaya girerek bu s\u0131n\u0131fland\u0131rmada derece elde eden ilk Suriye \u00fcniversitesi oldu.<\/p>\n<p style=\"text-align: justify;\">\u00dcniversitenin S\u0131n\u0131fland\u0131rma Ofisi Direkt\u00f6r\u00fc Dr. Mervan El Rai, SANA&#8217;ya yapt\u0131\u011f\u0131 a\u00e7\u0131klamada \u015eam \u00dcniversitesi&#8217;nin bu s\u0131n\u0131fland\u0131rmaya dahil olan 2092 \u00fcniversite aras\u0131nda 1501+ s\u0131rada yer ald\u0131\u011f\u0131n\u0131 belirtirken, Suriye \u00fcniversiteleri de dahil olmak \u00fczere 2.857 \u00fcniversitenin verilerini s\u0131n\u0131fland\u0131rma platformuna g\u00f6nderdi\u011fini, yaln\u0131zca yedi s\u0131n\u0131fland\u0131rma ko\u015fulunu kar\u015f\u0131layan 2.092 \u00fcniversitenin s\u0131n\u0131fland\u0131r\u0131ld\u0131\u011f\u0131n\u0131 ve bu s\u0131n\u0131fland\u0131rmaya g\u00f6re d\u00fcnyan\u0131n en iyi \u00fcniversiteleri olduklar\u0131n\u0131 kaydetti.<\/p>\n<p style=\"text-align: justify;\">El Rai ayr\u0131ca, \u015eam \u00dcniversitesi&#8217;nin ara\u015ft\u0131rma e\u015fi\u011fi \u015fart\u0131n\u0131 kar\u015f\u0131layan ve s\u0131n\u0131fland\u0131rmaya fiilen dahil olmak i\u00e7in uzmanl\u0131k \u015fart\u0131n\u0131 a\u015fan tek Suriye \u00fcniversitesi oldu\u011funu a\u00e7\u0131klarken, Times Uluslararas\u0131 S\u0131n\u0131fland\u0131rmas\u0131n\u0131n d\u00fcnyadaki en \u00f6nemli e\u011fitim ve ara\u015ft\u0131rma s\u0131n\u0131fland\u0131rmas\u0131 olarak kabul edildi\u011fine i\u015faret etti.<\/p>\n<p style=\"text-align: justify;\">Dr. El Rai, s\u0131n\u0131fland\u0131rman\u0131n son versiyonunda ara\u015ft\u0131rma kalitesi, e\u011fitim kalitesi, akademik itibar, doktora \u00f6\u011frencileri ve \u00fcniversite diplomalar\u0131 i\u00e7in ba\u015far\u0131 oran\u0131 gibi 18 farkl\u0131 ve kapsaml\u0131 ana standarda dayand\u0131\u011f\u0131na da dikkat \u00e7ekti.<\/p>\n<p style=\"text-align: center;\"><strong><a href=\"https:\/\/t.me\/SuriyeArapHaberAjansI\">Telegram Kanal\u0131m\u0131z\u00a0<\/a>||<a href=\"https:\/\/twitter.com\/arap_ajans\">X Platformumuz\u00a0<\/a>||<a href=\"https:\/\/www.facebook.com\/SANAHaberAjansi\/\">Facebook Sayfam\u0131z<\/a><\/strong><\/p>\n","protected":false},"excerpt":{"rendered":"<p>\u015eAM (SANA) &#8211; \u015eam \u00dcniversitesi, Times E\u011fitim ve Ara\u015ft\u0131rma S\u0131n\u0131fland\u0131rmas\u0131n\u0131n uluslararas\u0131 versiyonuna veya Times Genel veya D\u00fcnya S\u0131n\u0131fland\u0131rmas\u0131 olarak bilinen s\u0131n\u0131fland\u0131rmaya girerek bu s\u0131n\u0131fland\u0131rmada derece elde eden ilk Suriye \u00fcniversitesi oldu. \u00dcniversitenin S\u0131n\u0131fland\u0131rma Ofisi Direkt\u00f6r\u00fc Dr. Mervan El Rai, SANA&#8217;ya yapt\u0131\u011f\u0131 a\u00e7\u0131klamada \u015eam \u00dcniversitesi&#8217;nin bu s\u0131n\u0131fland\u0131rmaya dahil olan 2092 \u00fcniversite aras\u0131nda 1501+ s\u0131rada yer ald\u0131\u011f\u0131n\u0131 &hellip;<\/p>\n","protected":false},"author":36,"featured_media":309829,"comment_status":"closed","ping_status":"closed","sticky":false,"template":"","format":"standard","meta":{"footnotes":""},"categories":[589,479,17988,478],"tags":[42608,42609,23991],"class_list":["post-309828","post","type-post","status-publish","format-standard","has-post-thumbnail","","category-haber-seridi","category-haberler-yerel","category-son-haberler","category-yerel","tag-sam-universitesindeki-egitim-durumu","tag-suriyede-son-glismeler","tag-suriyedeki-egitim-durumu"],"_links":{"self":[{"href":"https:\/\/archive.sana.sy\/tr\/index.php?rest_route=\/wp\/v2\/posts\/309828","targetHints":{"allow":["GET"]}}],"collection":[{"href":"https:\/\/archive.sana.sy\/tr\/index.php?rest_route=\/wp\/v2\/posts"}],"about":[{"href":"https:\/\/archive.sana.sy\/tr\/index.php?rest_route=\/wp\/v2\/types\/post"}],"author":[{"embeddable":true,"href":"https:\/\/archive.sana.sy\/tr\/index.php?rest_route=\/wp\/v2\/users\/36"}],"replies":[{"embeddable":true,"href":"https:\/\/archive.sana.sy\/tr\/index.php?rest_route=%2Fwp%2Fv2%2Fcomments&post=309828"}],"version-history":[{"count":4,"href":"https:\/\/archive.sana.sy\/tr\/index.php?rest_route=\/wp\/v2\/posts\/309828\/revisions"}],"predecessor-version":[{"id":309841,"href":"https:\/\/archive.sana.sy\/tr\/index.php?rest_route=\/wp\/v2\/posts\/309828\/revisions\/309841"}],"wp:featuredmedia":[{"embeddable":true,"href":"https:\/\/archive.sana.sy\/tr\/index.php?rest_route=\/wp\/v2\/media\/309829"}],"wp:attachment":[{"href":"https:\/\/archive.sana.sy\/tr\/index.php?rest_route=%2Fwp%2Fv2%2Fmedia&parent=309828"}],"wp:term":[{"taxonomy":"category","embeddable":true,"href":"https:\/\/archive.sana.sy\/tr\/index.php?rest_route=%2Fwp%2Fv2%2Fcategories&post=309828"},{"taxonomy":"post_tag","embeddable":true,"href":"https:\/\/archive.sana.sy\/tr\/index.php?rest_route=%2Fwp%2Fv2%2Ftags&post=309828"}],"curies":[{"name":"wp","href":"https:\/\/api.w.org\/{rel}","templated":true}]}}