{"id":309876,"date":"2024-10-10T09:00:17","date_gmt":"2024-10-10T06:00:17","guid":{"rendered":"https:\/\/sana.sy\/tr\/?p=309876"},"modified":"2024-10-10T11:36:06","modified_gmt":"2024-10-10T08:36:06","slug":"irak-direnisi-isgal-edilen-filistinin-kuzeyinde-dusman-israilin-iki-hayati-hedefini-bombaladi","status":"publish","type":"post","link":"https:\/\/archive.sana.sy\/tr\/?p=309876","title":{"rendered":"Irak Direni\u015fi \u0130\u015fgal Edilen Filistin&#8217;in Kuzeyinde D\u00fc\u015fman \u0130srail&#8217;in \u0130ki Hayati Hedefini Bombalad\u0131"},"content":{"rendered":"<p style=\"text-align: justify;\"><strong>BA\u011eDAT (SANA) \u2013<\/strong> Irak direni\u015fi bug\u00fcn , i\u015fgal edilen Filistin topraklar\u0131n\u0131n kuzeyinde d\u00fc\u015fman \u0130srail&#8217;in iki hayati hedefini hedef ald\u0131.<\/p>\n<p style=\"text-align: justify;\">Direni\u015f yapt\u0131\u011f\u0131 a\u00e7\u0131klamada, \u2018\u2019\u0130\u015fgale kar\u015f\u0131 direni\u015f yakla\u015f\u0131m\u0131m\u0131z\u0131n devam\u0131 olarak, Gazze\u2019deki halk\u0131m\u0131za destek olarak ve gasp\u00e7\u0131 yap\u0131n\u0131n aralar\u0131nda \u00e7ocuk, kad\u0131n ve ya\u015fl\u0131lar\u0131n da bulundu\u011fu Filistinli sivillere y\u00f6nelik yapt\u0131\u011f\u0131 katliamlara yan\u0131t olarak, direni\u015f sava\u015f\u00e7\u0131lar\u0131 bug\u00fcn \u015fafak vakti i\u015fgal edilen topraklar\u0131m\u0131z\u0131n kuzeyindeki hayati bir hedefi insans\u0131z hava ara\u00e7lar\u0131yla hedef ald\u0131\u201d, d\u00fc\u015fman kalelerini yok etmeye devam ettiklerini vurgulad\u0131\u2019\u2019 dedi.<\/p>\n<p style=\"text-align: justify;\">\u00a0Irak direni\u015fi ayr\u0131 bir a\u00e7\u0131klamada, i\u015fgal edilen topraklar\u0131n kuzeyindeki hayati bir d\u00fc\u015fman hedefinin insans\u0131z hava arac\u0131yla bombaland\u0131\u011f\u0131n\u0131 duyurdu.<\/p>\n<p style=\"text-align: center;\"><strong><a href=\"https:\/\/t.me\/SuriyeArapHaberAjansI\">Telegram Kanal\u0131m\u0131z\u00a0<\/a>||<a href=\"https:\/\/twitter.com\/arap_ajans\">X Platformumuz\u00a0<\/a>||<a href=\"https:\/\/www.facebook.com\/SANAHaberAjansi\/\">Facebook Sayfam\u0131z<\/a><\/strong><\/p>\n","protected":false},"excerpt":{"rendered":"<p>BA\u011eDAT (SANA) \u2013 Irak direni\u015fi bug\u00fcn , i\u015fgal edilen Filistin topraklar\u0131n\u0131n kuzeyinde d\u00fc\u015fman \u0130srail&#8217;in iki hayati hedefini hedef ald\u0131. Direni\u015f yapt\u0131\u011f\u0131 a\u00e7\u0131klamada, \u2018\u2019\u0130\u015fgale kar\u015f\u0131 direni\u015f yakla\u015f\u0131m\u0131m\u0131z\u0131n devam\u0131 olarak, Gazze\u2019deki halk\u0131m\u0131za destek olarak ve gasp\u00e7\u0131 yap\u0131n\u0131n aralar\u0131nda \u00e7ocuk, kad\u0131n ve ya\u015fl\u0131lar\u0131n da bulundu\u011fu Filistinli sivillere y\u00f6nelik yapt\u0131\u011f\u0131 katliamlara yan\u0131t olarak, direni\u015f sava\u015f\u00e7\u0131lar\u0131 bug\u00fcn \u015fafak vakti i\u015fgal &hellip;<\/p>\n","protected":false},"author":39,"featured_media":309878,"comment_status":"closed","ping_status":"closed","sticky":false,"template":"","format":"standard","meta":{"footnotes":""},"categories":[458,589,459,17988],"tags":[],"class_list":["post-309876","post","type-post","status-publish","format-standard","has-post-thumbnail","","category-dunya1","category-haber-seridi","category-haberler-arap-uluslararasi-politika","category-son-haberler"],"_links":{"self":[{"href":"https:\/\/archive.sana.sy\/tr\/index.php?rest_route=\/wp\/v2\/posts\/309876","targetHints":{"allow":["GET"]}}],"collection":[{"href":"https:\/\/archive.sana.sy\/tr\/index.php?rest_route=\/wp\/v2\/posts"}],"about":[{"href":"https:\/\/archive.sana.sy\/tr\/index.php?rest_route=\/wp\/v2\/types\/post"}],"author":[{"embeddable":true,"href":"https:\/\/archive.sana.sy\/tr\/index.php?rest_route=\/wp\/v2\/users\/39"}],"replies":[{"embeddable":true,"href":"https:\/\/archive.sana.sy\/tr\/index.php?rest_route=%2Fwp%2Fv2%2Fcomments&post=309876"}],"version-history":[{"count":3,"href":"https:\/\/archive.sana.sy\/tr\/index.php?rest_route=\/wp\/v2\/posts\/309876\/revisions"}],"predecessor-version":[{"id":309880,"href":"https:\/\/archive.sana.sy\/tr\/index.php?rest_route=\/wp\/v2\/posts\/309876\/revisions\/309880"}],"wp:featuredmedia":[{"embeddable":true,"href":"https:\/\/archive.sana.sy\/tr\/index.php?rest_route=\/wp\/v2\/media\/309878"}],"wp:attachment":[{"href":"https:\/\/archive.sana.sy\/tr\/index.php?rest_route=%2Fwp%2Fv2%2Fmedia&parent=309876"}],"wp:term":[{"taxonomy":"category","embeddable":true,"href":"https:\/\/archive.sana.sy\/tr\/index.php?rest_route=%2Fwp%2Fv2%2Fcategories&post=309876"},{"taxonomy":"post_tag","embeddable":true,"href":"https:\/\/archive.sana.sy\/tr\/index.php?rest_route=%2Fwp%2Fv2%2Ftags&post=309876"}],"curies":[{"name":"wp","href":"https:\/\/api.w.org\/{rel}","templated":true}]}}