{"id":309885,"date":"2024-10-10T05:45:51","date_gmt":"2024-10-10T02:45:51","guid":{"rendered":"https:\/\/sana.sy\/tr\/?p=309885"},"modified":"2024-10-10T17:24:26","modified_gmt":"2024-10-10T14:24:26","slug":"isgalin-deyir-el-balahta-yeni-bir-katliaminda-22-sehit-ve-onlarca-yarali","status":"publish","type":"post","link":"https:\/\/archive.sana.sy\/tr\/?p=309885","title":{"rendered":"\u0130\u015fgalin Deyir El Balah&#8217;ta Yeni Bir Katliam\u0131nda 22 \u015eehit Ve Onlarca Yaral\u0131"},"content":{"rendered":"<p style=\"text-align: justify;\"><strong>\u0130\u015eGAL ED\u0130LEN KUD\u00dcS (SANA) &#8211;<\/strong> \u0130\u015fgalci \u0130srail&#8217;in Gazze \u015eeridi&#8217;nin merkezindeki Deyir El Balah kentinde ger\u00e7ekle\u015ftirdi\u011fi yeni katliam sonucu bug\u00fcn 22 Filistinli \u015fehit oldu, onlarca ki\u015fi de yaraland\u0131.<\/p>\n<p style=\"text-align: justify;\">Wafa Ajans\u0131, &#8221;\u0130\u015fgal u\u00e7aklar\u0131, Deyir El Balah \u015fehrinin bat\u0131s\u0131nda yerlerinden edilmi\u015f insanlar\u0131n bar\u0131nd\u0131\u011f\u0131 Rufaydah Okulunu bombalad\u0131. Bu durum aralar\u0131nda \u00e7ocuklar\u0131n ve kad\u0131nlar\u0131n da bulundu\u011fu 22 Filistinlinin \u015fehit d\u00fc\u015fmesine \u00a0ve aralar\u0131nda ciddi vakalar\u0131n da bulundu\u011fu \u00e7ok say\u0131da Filistinlinin yaralanmas\u0131na yol a\u00e7t\u0131&#8221; dedi.<\/p>\n<p style=\"text-align: justify;\">\u0130\u015fgal u\u00e7a\u011f\u0131n\u0131n Gazze \u015fehrinin kuzeybat\u0131s\u0131ndaki El Celaa b\u00f6lgesinin kuzeyindeki El Saftavi&#8217;de bir grup Filistinliyi bombalamas\u0131 sonucu bir Filistinli de \u015fehit oldu, \u00e7ok say\u0131da ki\u015fi de yaraland\u0131. \u00a0Bu esnada Gazze \u015eeridi&#8217;nin g\u00fcneyindeki Refah \u015fehrinin merkezinde de Filistinlileri hedef alan benzer bombal\u0131 sald\u0131r\u0131da iki Filistinli \u015fehit d\u00fc\u015ft\u00fc.<\/p>\n<p style=\"text-align: justify;\">D\u00fcn i\u015fgal u\u00e7aklar\u0131, Gazze \u015eeridi&#8217;nin kuzeyindeki Cebeliye&#8217;de, bir hastane avlusunda yerinden edilmi\u015f insanlar\u0131n bar\u0131nd\u0131\u011f\u0131 bir grup \u00e7ad\u0131r\u0131 bombalad\u0131ktan sonra yeni bir katliam ger\u00e7ekle\u015ftirirerek, 15 Filistinlinin \u015fehit d\u00fc\u015fmesine ve onlarca ki\u015finin yaralanmas\u0131na neden oldmu\u015ftu.<\/p>\n<p style=\"text-align: center;\"><strong><a href=\"https:\/\/t.me\/SuriyeArapHaberAjansI\">Telegram Kanal\u0131m\u0131z\u00a0<\/a>||<a href=\"https:\/\/twitter.com\/arap_ajans\">X Platformumuz\u00a0<\/a>||<a href=\"https:\/\/www.facebook.com\/SANAHaberAjansi\/\">Facebook Sayfam\u0131z<\/a><\/strong><\/p>\n","protected":false},"excerpt":{"rendered":"<p>\u0130\u015eGAL ED\u0130LEN KUD\u00dcS (SANA) &#8211; \u0130\u015fgalci \u0130srail&#8217;in Gazze \u015eeridi&#8217;nin merkezindeki Deyir El Balah kentinde ger\u00e7ekle\u015ftirdi\u011fi yeni katliam sonucu bug\u00fcn 22 Filistinli \u015fehit oldu, onlarca ki\u015fi de yaraland\u0131. Wafa Ajans\u0131, &#8221;\u0130\u015fgal u\u00e7aklar\u0131, Deyir El Balah \u015fehrinin bat\u0131s\u0131nda yerlerinden edilmi\u015f insanlar\u0131n bar\u0131nd\u0131\u011f\u0131 Rufaydah Okulunu bombalad\u0131. Bu durum aralar\u0131nda \u00e7ocuklar\u0131n ve kad\u0131nlar\u0131n da bulundu\u011fu 22 Filistinlinin \u015fehit d\u00fc\u015fmesine &hellip;<\/p>\n","protected":false},"author":39,"featured_media":309886,"comment_status":"closed","ping_status":"closed","sticky":false,"template":"","format":"standard","meta":{"footnotes":""},"categories":[458,589,459,17988],"tags":[42617],"class_list":["post-309885","post","type-post","status-publish","format-standard","has-post-thumbnail","","category-dunya1","category-haber-seridi","category-haberler-arap-uluslararasi-politika","category-son-haberler","tag-isgalin-deyir-el-balahta-yeni-bir-katliaminda-22-sehit-ve-onlarca-yarali"],"_links":{"self":[{"href":"https:\/\/archive.sana.sy\/tr\/index.php?rest_route=\/wp\/v2\/posts\/309885","targetHints":{"allow":["GET"]}}],"collection":[{"href":"https:\/\/archive.sana.sy\/tr\/index.php?rest_route=\/wp\/v2\/posts"}],"about":[{"href":"https:\/\/archive.sana.sy\/tr\/index.php?rest_route=\/wp\/v2\/types\/post"}],"author":[{"embeddable":true,"href":"https:\/\/archive.sana.sy\/tr\/index.php?rest_route=\/wp\/v2\/users\/39"}],"replies":[{"embeddable":true,"href":"https:\/\/archive.sana.sy\/tr\/index.php?rest_route=%2Fwp%2Fv2%2Fcomments&post=309885"}],"version-history":[{"count":1,"href":"https:\/\/archive.sana.sy\/tr\/index.php?rest_route=\/wp\/v2\/posts\/309885\/revisions"}],"predecessor-version":[{"id":309887,"href":"https:\/\/archive.sana.sy\/tr\/index.php?rest_route=\/wp\/v2\/posts\/309885\/revisions\/309887"}],"wp:featuredmedia":[{"embeddable":true,"href":"https:\/\/archive.sana.sy\/tr\/index.php?rest_route=\/wp\/v2\/media\/309886"}],"wp:attachment":[{"href":"https:\/\/archive.sana.sy\/tr\/index.php?rest_route=%2Fwp%2Fv2%2Fmedia&parent=309885"}],"wp:term":[{"taxonomy":"category","embeddable":true,"href":"https:\/\/archive.sana.sy\/tr\/index.php?rest_route=%2Fwp%2Fv2%2Fcategories&post=309885"},{"taxonomy":"post_tag","embeddable":true,"href":"https:\/\/archive.sana.sy\/tr\/index.php?rest_route=%2Fwp%2Fv2%2Ftags&post=309885"}],"curies":[{"name":"wp","href":"https:\/\/api.w.org\/{rel}","templated":true}]}}