{"id":309896,"date":"2024-10-10T17:47:50","date_gmt":"2024-10-10T14:47:50","guid":{"rendered":"https:\/\/sana.sy\/tr\/?p=309896"},"modified":"2024-10-10T17:47:50","modified_gmt":"2024-10-10T14:47:50","slug":"bm-lubnandaki-durum-insani-krizi-daha-da-kotulestirme-tehlikesi-tasiyor","status":"publish","type":"post","link":"https:\/\/archive.sana.sy\/tr\/?p=309896","title":{"rendered":"BM: L\u00fcbnan&#8217;daki Durum \u0130nsani Krizi Daha Da K\u00f6t\u00fcle\u015ftirme Tehlikesi Ta\u015f\u0131yor"},"content":{"rendered":"<p><strong>BEYRUT(SANA) &#8211; <\/strong>Birle\u015fmi\u015f Milletler \u0130nsani \u0130\u015fler Koordinasyon Ofisi, L\u00fcbnan topraklar\u0131n\u0131n d\u00f6rtte birinin \u0130srail i\u015fgal g\u00fc\u00e7leri taraf\u0131ndan bombalama ve tahliye tehdidi alt\u0131nda oldu\u011funu ve bunun L\u00fcbnan&#8217;daki insani krizi daha da k\u00f6t\u00fcle\u015ftirdi\u011fini vurgulad\u0131.<\/p>\n<p>Ofis, internet sitesinde yapt\u0131\u011f\u0131 a\u00e7\u0131klamada, \u2018\u2019\u0130srail&#8217;in hava sald\u0131r\u0131lar\u0131 yaln\u0131zca yo\u011funla\u015fmakla kalmad\u0131, ayn\u0131 zamanda daha \u00f6nce ula\u015famad\u0131klar\u0131 alanlara da yay\u0131ld\u0131 ve hayati \u00f6neme sahip sivil altyap\u0131 da b\u00fcy\u00fck \u00f6l\u00e7\u00fcde hedef al\u0131nd\u0131\u2019\u2019 diyerek, sa\u011fl\u0131k tesislerine ve \u00e7al\u0131\u015fanlara y\u00f6nelik devam eden sald\u0131r\u0131lar nedeniyle L\u00fcbnan&#8217;da sa\u011fl\u0131k sekt\u00f6r\u00fcn\u00fcn k\u00f6t\u00fcle\u015fti\u011fine dikkat \u00e7ekti.<\/p>\n<p>Ayn\u0131 ba\u011flamda BM yetkilileri, L\u00fcbnan&#8217;\u0131n \u00fclke i\u00e7inde yerinden edilenlerin say\u0131s\u0131ndaki art\u0131\u015fla birlikte y\u0131k\u0131c\u0131 bir insani krizle kar\u015f\u0131 kar\u015f\u0131ya oldu\u011fu konusunda uyard\u0131.<\/p>\n<p>Birle\u015fmi\u015f Milletler L\u00fcbnan \u00d6zel Koordinat\u00f6r\u00fc Jeanine Henis-Plasshert \u015funlar\u0131 a\u00e7\u0131klad\u0131: &#8220;L\u00fcbnan bir \u00e7at\u0131\u015fmayla ve felaket boyutlar\u0131nda bir insani krizle kar\u015f\u0131 kar\u015f\u0131ya&#8221; diyerek i\u015fgalci varl\u0131\u011f\u0131n gerilimi durdurmaya y\u00f6nelik bir\u00e7ok \u00e7a\u011fr\u0131y\u0131 desteklemeye haz\u0131r oldu\u011funu umdu\u011funu ifade etti.<\/p>\n<p>L\u00fcbnan Halk Sa\u011fl\u0131\u011f\u0131 Bakanl\u0131\u011f\u0131&#8217;n\u0131n a\u00e7\u0131klad\u0131\u011f\u0131 son \u00f6l\u00fc say\u0131s\u0131na g\u00f6re, \u0130srail sald\u0131r\u0131s\u0131n\u0131n ba\u015flang\u0131c\u0131ndan bu yana hayat\u0131n\u0131 kaybedenlerin say\u0131s\u0131 2 bin 141 \u015fehit ve 10 bin 99 yaral\u0131ya y\u00fckseldi.<\/p>\n<p style=\"text-align: center;\"><strong> <a href=\"https:\/\/t.me\/SuriyeArapHaberAjansI\">Telegram Kanal\u0131m\u0131z\u00a0<\/a>||<a href=\"https:\/\/twitter.com\/arap_ajans\">X Platformumuz\u00a0<\/a>||<a href=\"https:\/\/www.facebook.com\/SANAHaberAjansi\/\">Facebook Sayfam\u0131z<\/a><\/strong><\/p>\n","protected":false},"excerpt":{"rendered":"<p>BEYRUT(SANA) &#8211; Birle\u015fmi\u015f Milletler \u0130nsani \u0130\u015fler Koordinasyon Ofisi, L\u00fcbnan topraklar\u0131n\u0131n d\u00f6rtte birinin \u0130srail i\u015fgal g\u00fc\u00e7leri taraf\u0131ndan bombalama ve tahliye tehdidi alt\u0131nda oldu\u011funu ve bunun L\u00fcbnan&#8217;daki insani krizi daha da k\u00f6t\u00fcle\u015ftirdi\u011fini vurgulad\u0131. Ofis, internet sitesinde yapt\u0131\u011f\u0131 a\u00e7\u0131klamada, \u2018\u2019\u0130srail&#8217;in hava sald\u0131r\u0131lar\u0131 yaln\u0131zca yo\u011funla\u015fmakla kalmad\u0131, ayn\u0131 zamanda daha \u00f6nce ula\u015famad\u0131klar\u0131 alanlara da yay\u0131ld\u0131 ve hayati \u00f6neme sahip sivil &hellip;<\/p>\n","protected":false},"author":41,"featured_media":309898,"comment_status":"closed","ping_status":"closed","sticky":false,"template":"","format":"standard","meta":{"footnotes":""},"categories":[485,589,486,17988],"tags":[42620],"class_list":["post-309896","post","type-post","status-publish","format-standard","has-post-thumbnail","","category-is-ve-sermaye","category-haber-seridi","category-haberler-is-ve-sermaye","category-son-haberler","tag-bm-lubnandaki-durum-insani-krizi-daha-da-kotulestirme-tehlikesi-tasiyor"],"_links":{"self":[{"href":"https:\/\/archive.sana.sy\/tr\/index.php?rest_route=\/wp\/v2\/posts\/309896","targetHints":{"allow":["GET"]}}],"collection":[{"href":"https:\/\/archive.sana.sy\/tr\/index.php?rest_route=\/wp\/v2\/posts"}],"about":[{"href":"https:\/\/archive.sana.sy\/tr\/index.php?rest_route=\/wp\/v2\/types\/post"}],"author":[{"embeddable":true,"href":"https:\/\/archive.sana.sy\/tr\/index.php?rest_route=\/wp\/v2\/users\/41"}],"replies":[{"embeddable":true,"href":"https:\/\/archive.sana.sy\/tr\/index.php?rest_route=%2Fwp%2Fv2%2Fcomments&post=309896"}],"version-history":[{"count":1,"href":"https:\/\/archive.sana.sy\/tr\/index.php?rest_route=\/wp\/v2\/posts\/309896\/revisions"}],"predecessor-version":[{"id":309899,"href":"https:\/\/archive.sana.sy\/tr\/index.php?rest_route=\/wp\/v2\/posts\/309896\/revisions\/309899"}],"wp:featuredmedia":[{"embeddable":true,"href":"https:\/\/archive.sana.sy\/tr\/index.php?rest_route=\/wp\/v2\/media\/309898"}],"wp:attachment":[{"href":"https:\/\/archive.sana.sy\/tr\/index.php?rest_route=%2Fwp%2Fv2%2Fmedia&parent=309896"}],"wp:term":[{"taxonomy":"category","embeddable":true,"href":"https:\/\/archive.sana.sy\/tr\/index.php?rest_route=%2Fwp%2Fv2%2Fcategories&post=309896"},{"taxonomy":"post_tag","embeddable":true,"href":"https:\/\/archive.sana.sy\/tr\/index.php?rest_route=%2Fwp%2Fv2%2Ftags&post=309896"}],"curies":[{"name":"wp","href":"https:\/\/api.w.org\/{rel}","templated":true}]}}