{"id":309900,"date":"2024-10-10T17:25:57","date_gmt":"2024-10-10T14:25:57","guid":{"rendered":"https:\/\/sana.sy\/tr\/?p=309900"},"modified":"2024-10-10T17:53:12","modified_gmt":"2024-10-10T14:53:12","slug":"lubnan-direnisi-dusman-israil-guclerinin-sizma-girisimlerine-kahramanca-yanit-vermeye-devam-ediyor","status":"publish","type":"post","link":"https:\/\/archive.sana.sy\/tr\/?p=309900","title":{"rendered":"L\u00fcbnan Direni\u015fi, D\u00fc\u015fman \u0130srail G\u00fc\u00e7lerinin S\u0131zma Giri\u015fimlerine Kahramanca Yan\u0131t Vermeye Devam Ediyor"},"content":{"rendered":"<p style=\"text-align: justify;\"><strong>BEYRUT(SANA) &#8211;<\/strong> L\u00fcbnan direni\u015fi, d\u00fc\u015fman \u0130srail g\u00fc\u00e7lerinin L\u00fcbnan topraklar\u0131na s\u0131zma giri\u015fimlerine, can ve te\u00e7hizat kay\u0131plar\u0131na yol a\u00e7an kahramanca tepkisini s\u00fcrd\u00fcrd\u00fc.<\/p>\n<p style=\"text-align: justify;\">Direni\u015f yapt\u0131\u011f\u0131 a\u00e7\u0131klamada \u015funlar\u0131 s\u00f6yledi: &#8220;Gazze \u015eeridi&#8217;ndeki kararl\u0131 Filistin halk\u0131m\u0131z\u0131 ve onlar\u0131n cesur ve onurlu direni\u015fini desteklemek ve L\u00fcbnan ile halk\u0131n\u0131 savunmak i\u00e7in bug\u00fcn sava\u015f\u00e7\u0131lar\u0131m\u0131z g\u00fcd\u00fcml\u00fc f\u00fczelerle Ras El Nakura&#8217;ya ilerleyen bir \u0130srail tank\u0131n\u0131 hedef ald\u0131. bu da onun yanmas\u0131na ve yok olmas\u0131na yol a\u00e7arak m\u00fcrettebat\u0131n\u0131 \u00f6l\u00fc ve yaral\u0131 b\u0131rakt\u0131.\u201d<\/p>\n<p style=\"text-align: justify;\">Direni\u015f, bir ba\u015fka a\u00e7\u0131klamas\u0131nda, Ras El Nakura b\u00f6lgesinden yaral\u0131lar\u0131 \u00e7\u0131karmaya \u00e7al\u0131\u015f\u0131rken d\u00fc\u015fman \u0130srail askerlerinden olu\u015fan bir kuvveti f\u00fcze yayl\u0131m ate\u015fiyle hedef ald\u0131\u011f\u0131n\u0131, bunu yaparken de d\u00fc\u015fman \u0130srail askerlerinden olu\u015fan ba\u015fka bir kuvveti hedef ald\u0131\u011f\u0131n\u0131 a\u00e7\u0131klad\u0131.<\/p>\n<p style=\"text-align: justify;\">\u00a0Direni\u015f, f\u00fcze f\u0131rlat\u0131c\u0131s\u0131yla Karmiel yerle\u015fim yerinin yan\u0131 s\u0131ra Kfarcelad&#8217;de toplanan d\u00fc\u015fman \u0130srail askerlerini de hedef ald\u0131.<\/p>\n<p style=\"text-align: center;\"><strong><a href=\"https:\/\/t.me\/SuriyeArapHaberAjansI\">Telegram Kanal\u0131m\u0131z\u00a0<\/a>||<a href=\"https:\/\/twitter.com\/arap_ajans\">X Platformumuz\u00a0<\/a>||<a href=\"https:\/\/www.facebook.com\/SANAHaberAjansi\/\">Facebook Sayfam\u0131z<\/a><\/strong><\/p>\n","protected":false},"excerpt":{"rendered":"<p>BEYRUT(SANA) &#8211; L\u00fcbnan direni\u015fi, d\u00fc\u015fman \u0130srail g\u00fc\u00e7lerinin L\u00fcbnan topraklar\u0131na s\u0131zma giri\u015fimlerine, can ve te\u00e7hizat kay\u0131plar\u0131na yol a\u00e7an kahramanca tepkisini s\u00fcrd\u00fcrd\u00fc. Direni\u015f yapt\u0131\u011f\u0131 a\u00e7\u0131klamada \u015funlar\u0131 s\u00f6yledi: &#8220;Gazze \u015eeridi&#8217;ndeki kararl\u0131 Filistin halk\u0131m\u0131z\u0131 ve onlar\u0131n cesur ve onurlu direni\u015fini desteklemek ve L\u00fcbnan ile halk\u0131n\u0131 savunmak i\u00e7in bug\u00fcn sava\u015f\u00e7\u0131lar\u0131m\u0131z g\u00fcd\u00fcml\u00fc f\u00fczelerle Ras El Nakura&#8217;ya ilerleyen bir \u0130srail tank\u0131n\u0131 hedef &hellip;<\/p>\n","protected":false},"author":41,"featured_media":309901,"comment_status":"closed","ping_status":"closed","sticky":false,"template":"","format":"standard","meta":{"footnotes":""},"categories":[458,589,459,17988],"tags":[42621,31415],"class_list":["post-309900","post","type-post","status-publish","format-standard","has-post-thumbnail","","category-dunya1","category-haber-seridi","category-haberler-arap-uluslararasi-politika","category-son-haberler","tag-dusman-israil-guclerinin-sizma-girisimlerine-kahramanca-yanit-vermeye-devam-ediyor","tag-lubnan-direnisi"],"_links":{"self":[{"href":"https:\/\/archive.sana.sy\/tr\/index.php?rest_route=\/wp\/v2\/posts\/309900","targetHints":{"allow":["GET"]}}],"collection":[{"href":"https:\/\/archive.sana.sy\/tr\/index.php?rest_route=\/wp\/v2\/posts"}],"about":[{"href":"https:\/\/archive.sana.sy\/tr\/index.php?rest_route=\/wp\/v2\/types\/post"}],"author":[{"embeddable":true,"href":"https:\/\/archive.sana.sy\/tr\/index.php?rest_route=\/wp\/v2\/users\/41"}],"replies":[{"embeddable":true,"href":"https:\/\/archive.sana.sy\/tr\/index.php?rest_route=%2Fwp%2Fv2%2Fcomments&post=309900"}],"version-history":[{"count":1,"href":"https:\/\/archive.sana.sy\/tr\/index.php?rest_route=\/wp\/v2\/posts\/309900\/revisions"}],"predecessor-version":[{"id":309902,"href":"https:\/\/archive.sana.sy\/tr\/index.php?rest_route=\/wp\/v2\/posts\/309900\/revisions\/309902"}],"wp:featuredmedia":[{"embeddable":true,"href":"https:\/\/archive.sana.sy\/tr\/index.php?rest_route=\/wp\/v2\/media\/309901"}],"wp:attachment":[{"href":"https:\/\/archive.sana.sy\/tr\/index.php?rest_route=%2Fwp%2Fv2%2Fmedia&parent=309900"}],"wp:term":[{"taxonomy":"category","embeddable":true,"href":"https:\/\/archive.sana.sy\/tr\/index.php?rest_route=%2Fwp%2Fv2%2Fcategories&post=309900"},{"taxonomy":"post_tag","embeddable":true,"href":"https:\/\/archive.sana.sy\/tr\/index.php?rest_route=%2Fwp%2Fv2%2Ftags&post=309900"}],"curies":[{"name":"wp","href":"https:\/\/api.w.org\/{rel}","templated":true}]}}