{"id":309906,"date":"2024-10-10T19:06:04","date_gmt":"2024-10-10T16:06:04","guid":{"rendered":"https:\/\/sana.sy\/tr\/?p=309906"},"modified":"2024-10-12T15:04:50","modified_gmt":"2024-10-12T12:04:50","slug":"bakan-sabbag-filistin-halk-kurtulus-cephesi-genel-sekreteri-ile-bolgedeki-gelismeleri-gorustu","status":"publish","type":"post","link":"https:\/\/archive.sana.sy\/tr\/?p=309906","title":{"rendered":"Bakan Sabba\u011f, Filistin Halk Kurtulu\u015f Cephesi Genel Sekreteri \u0130le B\u00f6lgedeki Geli\u015fmeleri G\u00f6r\u00fc\u015ft\u00fc"},"content":{"rendered":"<p style=\"text-align: justify;\"><strong>\u015eAM (SANA)<\/strong> &#8211; D\u0131\u015fi\u015fleri ve Gurbet\u00e7iler Bakan\u0131 Bessam Sabba\u011f, Filistin Halk Kurtulu\u015f Cephesi Genel Telal Naci ile \u0130srail&#8217;in b\u00f6lgedeki tehlikeli t\u0131rman\u0131\u015f\u0131n\u0131, \u00f6zellikle de karde\u015f L\u00fcbnan&#8217;a y\u00f6nelik ac\u0131mas\u0131z sald\u0131rganl\u0131\u011f\u0131n\u0131 ve Suriye&#8217;ye tekrarlanan sald\u0131rlar\u0131n\u0131 ve i\u015fgal alt\u0131ndaki Filistin topraklar\u0131ndaki durumla ilgili geli\u015fmeleri g\u00f6r\u00fc\u015ft\u00fc.<\/p>\n<p style=\"text-align: justify;\">Bakan Sabba\u011f, Suriye&#8217;nin Filistin davas\u0131na sa\u011flam ve ilkeli deste\u011fini ve Filistin halk\u0131n\u0131n, her t\u00fcrl\u00fc i\u015fgal ve sald\u0131rganl\u0131\u011fa kar\u015f\u0131 me\u015fru direnme hakk\u0131 da dahil olmak \u00fczere devredilemez haklar\u0131n\u0131 yeniden kazanma hakk\u0131n\u0131 vurgularken,\u00a0 Amerikan y\u00f6netiminin sa\u011flad\u0131\u011f\u0131 koruma ve destek \u015femsiyesinden yararlanarak, i\u015fgalci yap\u0131n\u0131n b\u00f6lgede i\u015fledi\u011fi soyk\u0131r\u0131m niteli\u011findeki sava\u015f ve sava\u015f su\u00e7lar\u0131n\u0131n durdurulmas\u0131 gerekti\u011finin alt\u0131n\u0131 \u00e7izdi.<\/p>\n<p style=\"text-align: justify;\">Kendi y\u00f6n\u00fcnden Naci, i\u015fgalci \u0130srail\u2019in t\u00fcm katliamlar\u0131na, uygulad\u0131\u011f\u0131 bo\u011fucu ku\u015fatmaya ve bunun yaratt\u0131\u011f\u0131 insani felaketlere ra\u011fmen Filistin halk\u0131n\u0131n topraklar\u0131na sahip \u00e7\u0131kt\u0131\u011f\u0131n\u0131 ve direni\u015fini s\u00fcrd\u00fcrd\u00fc\u011f\u00fcn\u00fc vurgulayarak,\u00a0 Filistin halk\u0131na ve hakl\u0131 davaya kar\u015f\u0131 kararl\u0131 ve destekleyici duru\u015fundan dolay\u0131 Suriye&#8217;ye te\u015fekk\u00fcr etti.<\/p>\n<p style=\"text-align: center;\"><strong><a href=\"https:\/\/t.me\/SuriyeArapHaberAjansI\">Telegram Kanal\u0131m\u0131z\u00a0<\/a>||<a href=\"https:\/\/twitter.com\/arap_ajans\">X Platformumuz\u00a0<\/a>||<a href=\"https:\/\/www.facebook.com\/SANAHaberAjansi\/\">Facebook Sayfam\u0131z<\/a><\/strong><\/p>\n","protected":false},"excerpt":{"rendered":"<p>\u015eAM (SANA) &#8211; D\u0131\u015fi\u015fleri ve Gurbet\u00e7iler Bakan\u0131 Bessam Sabba\u011f, Filistin Halk Kurtulu\u015f Cephesi Genel Telal Naci ile \u0130srail&#8217;in b\u00f6lgedeki tehlikeli t\u0131rman\u0131\u015f\u0131n\u0131, \u00f6zellikle de karde\u015f L\u00fcbnan&#8217;a y\u00f6nelik ac\u0131mas\u0131z sald\u0131rganl\u0131\u011f\u0131n\u0131 ve Suriye&#8217;ye tekrarlanan sald\u0131rlar\u0131n\u0131 ve i\u015fgal alt\u0131ndaki Filistin topraklar\u0131ndaki durumla ilgili geli\u015fmeleri g\u00f6r\u00fc\u015ft\u00fc. Bakan Sabba\u011f, Suriye&#8217;nin Filistin davas\u0131na sa\u011flam ve ilkeli deste\u011fini ve Filistin halk\u0131n\u0131n, her t\u00fcrl\u00fc &hellip;<\/p>\n","protected":false},"author":41,"featured_media":309907,"comment_status":"closed","ping_status":"closed","sticky":false,"template":"","format":"standard","meta":{"footnotes":""},"categories":[589,479,17988,478],"tags":[42486,42623],"class_list":["post-309906","post","type-post","status-publish","format-standard","has-post-thumbnail","","category-haber-seridi","category-haberler-yerel","category-son-haberler","category-yerel","tag-bakan-sabbag","tag-filistin-halk-kurtulus-cephesi-genel-sekreteri-ile-bolgedeki-gelismeleri-gorustu"],"_links":{"self":[{"href":"https:\/\/archive.sana.sy\/tr\/index.php?rest_route=\/wp\/v2\/posts\/309906","targetHints":{"allow":["GET"]}}],"collection":[{"href":"https:\/\/archive.sana.sy\/tr\/index.php?rest_route=\/wp\/v2\/posts"}],"about":[{"href":"https:\/\/archive.sana.sy\/tr\/index.php?rest_route=\/wp\/v2\/types\/post"}],"author":[{"embeddable":true,"href":"https:\/\/archive.sana.sy\/tr\/index.php?rest_route=\/wp\/v2\/users\/41"}],"replies":[{"embeddable":true,"href":"https:\/\/archive.sana.sy\/tr\/index.php?rest_route=%2Fwp%2Fv2%2Fcomments&post=309906"}],"version-history":[{"count":2,"href":"https:\/\/archive.sana.sy\/tr\/index.php?rest_route=\/wp\/v2\/posts\/309906\/revisions"}],"predecessor-version":[{"id":309909,"href":"https:\/\/archive.sana.sy\/tr\/index.php?rest_route=\/wp\/v2\/posts\/309906\/revisions\/309909"}],"wp:featuredmedia":[{"embeddable":true,"href":"https:\/\/archive.sana.sy\/tr\/index.php?rest_route=\/wp\/v2\/media\/309907"}],"wp:attachment":[{"href":"https:\/\/archive.sana.sy\/tr\/index.php?rest_route=%2Fwp%2Fv2%2Fmedia&parent=309906"}],"wp:term":[{"taxonomy":"category","embeddable":true,"href":"https:\/\/archive.sana.sy\/tr\/index.php?rest_route=%2Fwp%2Fv2%2Fcategories&post=309906"},{"taxonomy":"post_tag","embeddable":true,"href":"https:\/\/archive.sana.sy\/tr\/index.php?rest_route=%2Fwp%2Fv2%2Ftags&post=309906"}],"curies":[{"name":"wp","href":"https:\/\/api.w.org\/{rel}","templated":true}]}}