{"id":309910,"date":"2024-10-11T09:53:18","date_gmt":"2024-10-11T06:53:18","guid":{"rendered":"https:\/\/sana.sy\/tr\/?p=309910"},"modified":"2024-10-11T09:53:18","modified_gmt":"2024-10-11T06:53:18","slug":"irak-direnisi-isgal-altindaki-umm-al-rashrashtaki-israil-dusmanini-ihayla-hedef-aldi","status":"publish","type":"post","link":"https:\/\/archive.sana.sy\/tr\/?p=309910","title":{"rendered":"Irak Direni\u015fi \u0130\u015fgal Alt\u0131ndaki Umm al-Rashrash&#8217;taki \u0130srail D\u00fc\u015fman\u0131n\u0131 \u0130HA&#8217;yla Hedef Ald\u0131"},"content":{"rendered":"<p><strong>BA\u011eDAT (SANA) &#8211; <\/strong>Bu sabah Irak direni\u015fi, i\u015fgal alt\u0131ndaki \u201cEilat\u201d Umm al-Rashrash&#8217;ta \u0130srail d\u00fc\u015fman\u0131 i\u00e7in hayati bir hedefi insans\u0131z hava ara\u00e7lar\u0131yla hedef ald\u0131.<\/p>\n<p>Direni\u015f, yapt\u0131\u011f\u0131 a\u00e7\u0131klamada: &#8220;\u0130\u015fgale direnme yakla\u015f\u0131m\u0131m\u0131z\u0131n devam\u0131 olarak, Filistin ve L\u00fcbnan&#8217;daki halk\u0131m\u0131za destek olarak ve gasp\u00e7\u0131 yap\u0131n\u0131n \u00e7ocuklar, kad\u0131nlar, ya\u015fl\u0131lar da dahil olmak \u00fczere sivillere y\u00f6nelik yapt\u0131\u011f\u0131 katliamlara yan\u0131t olarak, &#8220;Bug\u00fcn sava\u015f\u00e7\u0131lar\u0131m\u0131z Umm al-Rashrash&#8217;ta (i\u015fgal alt\u0131ndaki Eilat) hayati bir hedefe insans\u0131z hava ara\u00e7lar\u0131 kullanarak sald\u0131rd\u0131.&#8221;<\/p>\n<p>Direni\u015f, d\u00fc\u015fman kalelerini yok etme operasyonlar\u0131na artan bir h\u0131zla devam etme niyetini do\u011frulad\u0131.<\/p>\n<p style=\"text-align: center;\"><strong><a href=\"https:\/\/t.me\/SuriyeArapHaberAjansI\">Telegram Kanal\u0131m\u0131z\u00a0<\/a>||<a href=\"https:\/\/twitter.com\/arap_ajans\">X Platformumuz\u00a0<\/a>||<a href=\"https:\/\/www.facebook.com\/SANAHaberAjansi\/\">Facebook Sayfam\u0131z<\/a><\/strong><\/p>\n","protected":false},"excerpt":{"rendered":"<p>BA\u011eDAT (SANA) &#8211; Bu sabah Irak direni\u015fi, i\u015fgal alt\u0131ndaki \u201cEilat\u201d Umm al-Rashrash&#8217;ta \u0130srail d\u00fc\u015fman\u0131 i\u00e7in hayati bir hedefi insans\u0131z hava ara\u00e7lar\u0131yla hedef ald\u0131. Direni\u015f, yapt\u0131\u011f\u0131 a\u00e7\u0131klamada: &#8220;\u0130\u015fgale direnme yakla\u015f\u0131m\u0131m\u0131z\u0131n devam\u0131 olarak, Filistin ve L\u00fcbnan&#8217;daki halk\u0131m\u0131za destek olarak ve gasp\u00e7\u0131 yap\u0131n\u0131n \u00e7ocuklar, kad\u0131nlar, ya\u015fl\u0131lar da dahil olmak \u00fczere sivillere y\u00f6nelik yapt\u0131\u011f\u0131 katliamlara yan\u0131t olarak, &#8220;Bug\u00fcn sava\u015f\u00e7\u0131lar\u0131m\u0131z &hellip;<\/p>\n","protected":false},"author":36,"featured_media":309911,"comment_status":"closed","ping_status":"closed","sticky":false,"template":"","format":"standard","meta":{"footnotes":""},"categories":[458,589,459,17988],"tags":[],"class_list":["post-309910","post","type-post","status-publish","format-standard","has-post-thumbnail","","category-dunya1","category-haber-seridi","category-haberler-arap-uluslararasi-politika","category-son-haberler"],"_links":{"self":[{"href":"https:\/\/archive.sana.sy\/tr\/index.php?rest_route=\/wp\/v2\/posts\/309910","targetHints":{"allow":["GET"]}}],"collection":[{"href":"https:\/\/archive.sana.sy\/tr\/index.php?rest_route=\/wp\/v2\/posts"}],"about":[{"href":"https:\/\/archive.sana.sy\/tr\/index.php?rest_route=\/wp\/v2\/types\/post"}],"author":[{"embeddable":true,"href":"https:\/\/archive.sana.sy\/tr\/index.php?rest_route=\/wp\/v2\/users\/36"}],"replies":[{"embeddable":true,"href":"https:\/\/archive.sana.sy\/tr\/index.php?rest_route=%2Fwp%2Fv2%2Fcomments&post=309910"}],"version-history":[{"count":1,"href":"https:\/\/archive.sana.sy\/tr\/index.php?rest_route=\/wp\/v2\/posts\/309910\/revisions"}],"predecessor-version":[{"id":309912,"href":"https:\/\/archive.sana.sy\/tr\/index.php?rest_route=\/wp\/v2\/posts\/309910\/revisions\/309912"}],"wp:featuredmedia":[{"embeddable":true,"href":"https:\/\/archive.sana.sy\/tr\/index.php?rest_route=\/wp\/v2\/media\/309911"}],"wp:attachment":[{"href":"https:\/\/archive.sana.sy\/tr\/index.php?rest_route=%2Fwp%2Fv2%2Fmedia&parent=309910"}],"wp:term":[{"taxonomy":"category","embeddable":true,"href":"https:\/\/archive.sana.sy\/tr\/index.php?rest_route=%2Fwp%2Fv2%2Fcategories&post=309910"},{"taxonomy":"post_tag","embeddable":true,"href":"https:\/\/archive.sana.sy\/tr\/index.php?rest_route=%2Fwp%2Fv2%2Ftags&post=309910"}],"curies":[{"name":"wp","href":"https:\/\/api.w.org\/{rel}","templated":true}]}}