{"id":309913,"date":"2024-10-11T10:13:39","date_gmt":"2024-10-11T07:13:39","guid":{"rendered":"https:\/\/sana.sy\/tr\/?p=309913"},"modified":"2024-10-11T10:13:39","modified_gmt":"2024-10-11T07:13:39","slug":"lubnan-saglik-bakanligi-israilin-beyruta-dunku-saldirisinda-sehitlerin-sayisi-22ye-yukseldi","status":"publish","type":"post","link":"https:\/\/archive.sana.sy\/tr\/?p=309913","title":{"rendered":"L\u00fcbnan Sa\u011fl\u0131k Bakanl\u0131\u011f\u0131: \u0130srail&#8217;in Beyrut&#8217;a D\u00fcnk\u00fc Sald\u0131r\u0131s\u0131nda \u015eehitlerin Say\u0131s\u0131 22&#8217;ye Y\u00fckseldi"},"content":{"rendered":"<p><strong>BEYRUT(SANA) &#8211;<\/strong>\u00a0 L\u00fcbnan Sa\u011fl\u0131\u011f\u0131 Bakanl\u0131\u011f\u0131, \u0130srail&#8217;in d\u00fcn ba\u015fkent Beyrut&#8217;a d\u00fczenledi\u011fi sald\u0131r\u0131da \u00f6l\u00fc say\u0131s\u0131n\u0131n 22 \u015fehit&#8217;e y\u00fckseldi\u011fini, onlarca ki\u015finin de yaraland\u0131\u011f\u0131n\u0131 ilan etti.<\/p>\n<p>L\u00fcbnan Ulusal Haber Ajans\u0131, Bakanl\u0131\u011f\u0131n Sa\u011fl\u0131k Acil Durum Operasyon Merkezi&#8217;nden \u015fu ifadeleri aktard\u0131: \u0130srail sava\u015f u\u00e7a\u011f\u0131n\u0131n d\u00fcn Beyrut&#8217;a y\u00f6nelik sald\u0131r\u0131s\u0131 22 ki\u015finin \u00f6l\u00fcm\u00fcne, 117 ki\u015finin de yaralanmas\u0131na yol a\u00e7t\u0131\u011f\u0131n\u0131 belirtti.<\/p>\n<p style=\"text-align: center;\"><strong><a href=\"https:\/\/t.me\/SuriyeArapHaberAjansI\">Telegram Kanal\u0131m\u0131z\u00a0<\/a>||<a href=\"https:\/\/twitter.com\/arap_ajans\">X Platformumuz\u00a0<\/a>||<a href=\"https:\/\/www.facebook.com\/SANAHaberAjansi\/\">Facebook Sayfam\u0131z<\/a><\/strong><\/p>\n<p>&nbsp;<\/p>\n","protected":false},"excerpt":{"rendered":"<p>BEYRUT(SANA) &#8211;\u00a0 L\u00fcbnan Sa\u011fl\u0131\u011f\u0131 Bakanl\u0131\u011f\u0131, \u0130srail&#8217;in d\u00fcn ba\u015fkent Beyrut&#8217;a d\u00fczenledi\u011fi sald\u0131r\u0131da \u00f6l\u00fc say\u0131s\u0131n\u0131n 22 \u015fehit&#8217;e y\u00fckseldi\u011fini, onlarca ki\u015finin de yaraland\u0131\u011f\u0131n\u0131 ilan etti. L\u00fcbnan Ulusal Haber Ajans\u0131, Bakanl\u0131\u011f\u0131n Sa\u011fl\u0131k Acil Durum Operasyon Merkezi&#8217;nden \u015fu ifadeleri aktard\u0131: \u0130srail sava\u015f u\u00e7a\u011f\u0131n\u0131n d\u00fcn Beyrut&#8217;a y\u00f6nelik sald\u0131r\u0131s\u0131 22 ki\u015finin \u00f6l\u00fcm\u00fcne, 117 ki\u015finin de yaralanmas\u0131na yol a\u00e7t\u0131\u011f\u0131n\u0131 belirtti. Telegram Kanal\u0131m\u0131z\u00a0||X Platformumuz\u00a0||Facebook &hellip;<\/p>\n","protected":false},"author":36,"featured_media":309914,"comment_status":"closed","ping_status":"closed","sticky":false,"template":"","format":"standard","meta":{"footnotes":""},"categories":[458,589,459,17988],"tags":[],"class_list":["post-309913","post","type-post","status-publish","format-standard","has-post-thumbnail","","category-dunya1","category-haber-seridi","category-haberler-arap-uluslararasi-politika","category-son-haberler"],"_links":{"self":[{"href":"https:\/\/archive.sana.sy\/tr\/index.php?rest_route=\/wp\/v2\/posts\/309913","targetHints":{"allow":["GET"]}}],"collection":[{"href":"https:\/\/archive.sana.sy\/tr\/index.php?rest_route=\/wp\/v2\/posts"}],"about":[{"href":"https:\/\/archive.sana.sy\/tr\/index.php?rest_route=\/wp\/v2\/types\/post"}],"author":[{"embeddable":true,"href":"https:\/\/archive.sana.sy\/tr\/index.php?rest_route=\/wp\/v2\/users\/36"}],"replies":[{"embeddable":true,"href":"https:\/\/archive.sana.sy\/tr\/index.php?rest_route=%2Fwp%2Fv2%2Fcomments&post=309913"}],"version-history":[{"count":1,"href":"https:\/\/archive.sana.sy\/tr\/index.php?rest_route=\/wp\/v2\/posts\/309913\/revisions"}],"predecessor-version":[{"id":309915,"href":"https:\/\/archive.sana.sy\/tr\/index.php?rest_route=\/wp\/v2\/posts\/309913\/revisions\/309915"}],"wp:featuredmedia":[{"embeddable":true,"href":"https:\/\/archive.sana.sy\/tr\/index.php?rest_route=\/wp\/v2\/media\/309914"}],"wp:attachment":[{"href":"https:\/\/archive.sana.sy\/tr\/index.php?rest_route=%2Fwp%2Fv2%2Fmedia&parent=309913"}],"wp:term":[{"taxonomy":"category","embeddable":true,"href":"https:\/\/archive.sana.sy\/tr\/index.php?rest_route=%2Fwp%2Fv2%2Fcategories&post=309913"},{"taxonomy":"post_tag","embeddable":true,"href":"https:\/\/archive.sana.sy\/tr\/index.php?rest_route=%2Fwp%2Fv2%2Ftags&post=309913"}],"curies":[{"name":"wp","href":"https:\/\/api.w.org\/{rel}","templated":true}]}}