{"id":309916,"date":"2024-10-11T11:53:39","date_gmt":"2024-10-11T08:53:39","guid":{"rendered":"https:\/\/sana.sy\/tr\/?p=309916"},"modified":"2024-10-11T15:10:28","modified_gmt":"2024-10-11T12:10:28","slug":"isgalin-gazze-seridindeki-alanlari-bombalamasi-sonucu-11-sehit","status":"publish","type":"post","link":"https:\/\/archive.sana.sy\/tr\/?p=309916","title":{"rendered":"\u0130\u015fgalin Gazze \u015eeridi&#8217;ndeki Alanlar\u0131 Bombalamas\u0131 Sonucu 11 \u015eehit"},"content":{"rendered":"<p style=\"text-align: justify;\"><strong>\u0130\u015eGAL ED\u0130LEN KUD\u00dcS (SANA) &#8211;<\/strong>\u00a0 \u0130srail&#8217;in i\u015fgal edilen Gazze \u015eeridi&#8217;ne y\u00f6nelik 371&#8217;inci g\u00fcn\u00fcnde s\u00fcrd\u00fcrd\u00fc\u011f\u00fc sald\u0131r\u0131lar sonucunda bu sabah 11 Filistinli \u015fehit d\u00fc\u015ft\u00fc, \u00e7ok say\u0131da Filistinli de yaraland\u0131.<\/p>\n<p style=\"text-align: justify;\">Filistinli WAFA Haber Ajans\u0131, i\u015fgalcilerin Gazze \u015eeridi&#8217;nin kuzeyindeki El-Faluga b\u00f6lgesindeki evlere ve Cebeliye&#8217;deki spor kul\u00fcb\u00fc \u00e7evresine y\u00f6nelik top\u00e7u bombard\u0131man\u0131 sonucu 6 Filistinlinin \u015fehit d\u00fc\u015ft\u00fc\u011f\u00fcn\u00fc, \u00e7ok say\u0131da ki\u015finin de yaraland\u0131\u011f\u0131n\u0131 bildirdi.<\/p>\n<p style=\"text-align: justify;\">Gazze \u015fehrinin El Saftavi mahallesindeki evlere ve El Zaytun mahallesindeki bir grup Filistinliye y\u00f6nelik i\u015fgal sald\u0131r\u0131lar\u0131 sonucu 2 Filistinli \u015fehit d\u00fc\u015ft\u00fc, \u00e7ok say\u0131da ki\u015fi de yaraland\u0131.<\/p>\n<p style=\"text-align: justify;\">\u0130\u015fgalcilerin ayr\u0131ca, felaketin ya\u015fand\u0131\u011f\u0131 b\u00f6lgenin merkezinde yer alan Deyir El Balah ve El Maghazi kamp\u0131nda bir ev ve bir grup Filistinliyi bombalamas\u0131 sonucu 3 Filistinli de \u015fehit d\u00fc\u015ft\u00fc, di\u011ferleri de yaraland\u0131.<\/p>\n<p style=\"text-align: center;\"><strong><a href=\"https:\/\/t.me\/SuriyeArapHaberAjansI\">Telegram Kanal\u0131m\u0131z\u00a0<\/a>||<a href=\"https:\/\/twitter.com\/arap_ajans\">X Platformumuz\u00a0<\/a>||<a href=\"https:\/\/www.facebook.com\/SANAHaberAjansi\/\">Facebook Sayfam\u0131z<\/a><\/strong><\/p>\n","protected":false},"excerpt":{"rendered":"<p>\u0130\u015eGAL ED\u0130LEN KUD\u00dcS (SANA) &#8211;\u00a0 \u0130srail&#8217;in i\u015fgal edilen Gazze \u015eeridi&#8217;ne y\u00f6nelik 371&#8217;inci g\u00fcn\u00fcnde s\u00fcrd\u00fcrd\u00fc\u011f\u00fc sald\u0131r\u0131lar sonucunda bu sabah 11 Filistinli \u015fehit d\u00fc\u015ft\u00fc, \u00e7ok say\u0131da Filistinli de yaraland\u0131. Filistinli WAFA Haber Ajans\u0131, i\u015fgalcilerin Gazze \u015eeridi&#8217;nin kuzeyindeki El-Faluga b\u00f6lgesindeki evlere ve Cebeliye&#8217;deki spor kul\u00fcb\u00fc \u00e7evresine y\u00f6nelik top\u00e7u bombard\u0131man\u0131 sonucu 6 Filistinlinin \u015fehit d\u00fc\u015ft\u00fc\u011f\u00fcn\u00fc, \u00e7ok say\u0131da ki\u015finin de &hellip;<\/p>\n","protected":false},"author":36,"featured_media":309917,"comment_status":"closed","ping_status":"closed","sticky":false,"template":"","format":"standard","meta":{"footnotes":""},"categories":[458,589,459,17988],"tags":[42625],"class_list":["post-309916","post","type-post","status-publish","format-standard","has-post-thumbnail","","category-dunya1","category-haber-seridi","category-haberler-arap-uluslararasi-politika","category-son-haberler","tag-isgalin-gazze-seridindeki-alanlari-bombalamasi-sonucu-11-sehit"],"_links":{"self":[{"href":"https:\/\/archive.sana.sy\/tr\/index.php?rest_route=\/wp\/v2\/posts\/309916","targetHints":{"allow":["GET"]}}],"collection":[{"href":"https:\/\/archive.sana.sy\/tr\/index.php?rest_route=\/wp\/v2\/posts"}],"about":[{"href":"https:\/\/archive.sana.sy\/tr\/index.php?rest_route=\/wp\/v2\/types\/post"}],"author":[{"embeddable":true,"href":"https:\/\/archive.sana.sy\/tr\/index.php?rest_route=\/wp\/v2\/users\/36"}],"replies":[{"embeddable":true,"href":"https:\/\/archive.sana.sy\/tr\/index.php?rest_route=%2Fwp%2Fv2%2Fcomments&post=309916"}],"version-history":[{"count":3,"href":"https:\/\/archive.sana.sy\/tr\/index.php?rest_route=\/wp\/v2\/posts\/309916\/revisions"}],"predecessor-version":[{"id":309925,"href":"https:\/\/archive.sana.sy\/tr\/index.php?rest_route=\/wp\/v2\/posts\/309916\/revisions\/309925"}],"wp:featuredmedia":[{"embeddable":true,"href":"https:\/\/archive.sana.sy\/tr\/index.php?rest_route=\/wp\/v2\/media\/309917"}],"wp:attachment":[{"href":"https:\/\/archive.sana.sy\/tr\/index.php?rest_route=%2Fwp%2Fv2%2Fmedia&parent=309916"}],"wp:term":[{"taxonomy":"category","embeddable":true,"href":"https:\/\/archive.sana.sy\/tr\/index.php?rest_route=%2Fwp%2Fv2%2Fcategories&post=309916"},{"taxonomy":"post_tag","embeddable":true,"href":"https:\/\/archive.sana.sy\/tr\/index.php?rest_route=%2Fwp%2Fv2%2Ftags&post=309916"}],"curies":[{"name":"wp","href":"https:\/\/api.w.org\/{rel}","templated":true}]}}