{"id":309919,"date":"2024-10-11T15:00:46","date_gmt":"2024-10-11T12:00:46","guid":{"rendered":"https:\/\/sana.sy\/tr\/?p=309919"},"modified":"2024-10-11T15:02:19","modified_gmt":"2024-10-11T12:02:19","slug":"cin-israil-varligin-guney-lubnandaki-unifil-guclerini-hedef-almasini-kinadi","status":"publish","type":"post","link":"https:\/\/archive.sana.sy\/tr\/?p=309919","title":{"rendered":"\u00c7in, \u0130srail Varl\u0131\u011f\u0131n\u0131n\u00a0 G\u00fcney L\u00fcbnan&#8217;daki UNIFIL G\u00fc\u00e7lerini Hedef Almas\u0131n\u0131 K\u0131nad\u0131"},"content":{"rendered":"<p style=\"text-align: justify;\"><strong>PEK\u0130N (SANA)<\/strong> &#8211;\u00a0 \u00c7in, \u0130srail&#8217;in G\u00fcney L\u00fcbnan&#8217;daki Birle\u015fmi\u015f Milletler Ge\u00e7ici G\u00fcc\u00fc&#8217;ne (UNIFIL) ait tesislere ve ekipmanlara y\u00f6nelik sald\u0131r\u0131lar\u0131n\u0131 \u015fiddetle k\u0131nad\u0131.<\/p>\n<p style=\"text-align: justify;\">Agence France-Presse, \u00c7in D\u0131\u015fi\u015fleri Bakanl\u0131\u011f\u0131 s\u00f6zc\u00fcs\u00fc Mao Ning&#8217;in bug\u00fcn \u015funlar\u0131 s\u00f6yledi\u011fini aktard\u0131: &#8220;\u00c7in, \u0130srail g\u00fc\u00e7lerinin UNIFIL tesislerine ve g\u00f6zlem merkezlerine d\u00fczenledi\u011fi ve \u00fcyeleri aras\u0131nda yaralanmalara neden olan sald\u0131r\u0131dan derin endi\u015fe duydu\u011funu ve g\u00fc\u00e7l\u00fc bir \u015fekilde k\u0131nad\u0131\u011f\u0131n\u0131 ifade ediyor.&#8221;<\/p>\n<p style=\"text-align: justify;\">\u00c7in&#8217;in Birle\u015fmi\u015f Milletler Daimi Temsilcisi Fu Cong da d\u00fcn BM G\u00fcvenlik Konseyi \u00f6n\u00fcnde UNIFIL tesislerinin hedef al\u0131nmas\u0131n\u0131 \u015fiddetle k\u0131narken, &#8220;Bu g\u00fc\u00e7ler, G\u00fcvenlik Konseyi karar\u0131n\u0131n yetkisi alt\u0131nda bar\u0131\u015f\u0131 koruma misyonlar\u0131 y\u00fcr\u00fctmektedir ve onlara y\u00f6nelik herhangi bir kas\u0131tl\u0131 sald\u0131r\u0131, uluslararas\u0131 insanc\u0131l hukukun ve G\u00fcvenlik Konseyi kararlar\u0131n\u0131n ciddi bir ihlali anlam\u0131na gelir ve bu t\u00fcr eylemler derhal durdurulmal\u0131d\u0131r.&#8221;<\/p>\n<p style=\"text-align: justify;\">\u00c7im temsilcisi ayr\u0131ca, bu sald\u0131r\u0131lar\u0131n soru\u015fturulmas\u0131, sorumlular\u0131n hesap vermesi ve tekrar\u0131n\u0131n \u00f6nlenmesi ve UNIFIL g\u00fc\u00e7leri de dahil olmak \u00fczere t\u00fcm Birle\u015fmi\u015f Milletler personelinin ve mallar\u0131n\u0131n emniyet ve g\u00fcvenli\u011finin sa\u011flanmas\u0131 i\u00e7in gerekli \u00f6nlemlerin al\u0131nmas\u0131 \u00e7a\u011fr\u0131s\u0131nda bulundu.<\/p>\n<p style=\"text-align: center;\"><strong><a href=\"https:\/\/t.me\/SuriyeArapHaberAjansI\">Telegram Kanal\u0131m\u0131z\u00a0<\/a>||<a href=\"https:\/\/twitter.com\/arap_ajans\">X Platformumuz\u00a0<\/a>||<a href=\"https:\/\/www.facebook.com\/SANAHaberAjansi\/\">Facebook Sayfam\u0131z<\/a><\/strong><\/p>\n","protected":false},"excerpt":{"rendered":"<p>PEK\u0130N (SANA) &#8211;\u00a0 \u00c7in, \u0130srail&#8217;in G\u00fcney L\u00fcbnan&#8217;daki Birle\u015fmi\u015f Milletler Ge\u00e7ici G\u00fcc\u00fc&#8217;ne (UNIFIL) ait tesislere ve ekipmanlara y\u00f6nelik sald\u0131r\u0131lar\u0131n\u0131 \u015fiddetle k\u0131nad\u0131. Agence France-Presse, \u00c7in D\u0131\u015fi\u015fleri Bakanl\u0131\u011f\u0131 s\u00f6zc\u00fcs\u00fc Mao Ning&#8217;in bug\u00fcn \u015funlar\u0131 s\u00f6yledi\u011fini aktard\u0131: &#8220;\u00c7in, \u0130srail g\u00fc\u00e7lerinin UNIFIL tesislerine ve g\u00f6zlem merkezlerine d\u00fczenledi\u011fi ve \u00fcyeleri aras\u0131nda yaralanmalara neden olan sald\u0131r\u0131dan derin endi\u015fe duydu\u011funu ve g\u00fc\u00e7l\u00fc bir \u015fekilde &hellip;<\/p>\n","protected":false},"author":41,"featured_media":309920,"comment_status":"closed","ping_status":"closed","sticky":false,"template":"","format":"standard","meta":{"footnotes":""},"categories":[458,589,459,17988],"tags":[4349,42624],"class_list":["post-309919","post","type-post","status-publish","format-standard","has-post-thumbnail","","category-dunya1","category-haber-seridi","category-haberler-arap-uluslararasi-politika","category-son-haberler","tag-cin","tag-israil-varligin-guney-lubnandaki-unifil-guclerini-hedef-almasini-kinadi"],"_links":{"self":[{"href":"https:\/\/archive.sana.sy\/tr\/index.php?rest_route=\/wp\/v2\/posts\/309919","targetHints":{"allow":["GET"]}}],"collection":[{"href":"https:\/\/archive.sana.sy\/tr\/index.php?rest_route=\/wp\/v2\/posts"}],"about":[{"href":"https:\/\/archive.sana.sy\/tr\/index.php?rest_route=\/wp\/v2\/types\/post"}],"author":[{"embeddable":true,"href":"https:\/\/archive.sana.sy\/tr\/index.php?rest_route=\/wp\/v2\/users\/41"}],"replies":[{"embeddable":true,"href":"https:\/\/archive.sana.sy\/tr\/index.php?rest_route=%2Fwp%2Fv2%2Fcomments&post=309919"}],"version-history":[{"count":3,"href":"https:\/\/archive.sana.sy\/tr\/index.php?rest_route=\/wp\/v2\/posts\/309919\/revisions"}],"predecessor-version":[{"id":309923,"href":"https:\/\/archive.sana.sy\/tr\/index.php?rest_route=\/wp\/v2\/posts\/309919\/revisions\/309923"}],"wp:featuredmedia":[{"embeddable":true,"href":"https:\/\/archive.sana.sy\/tr\/index.php?rest_route=\/wp\/v2\/media\/309920"}],"wp:attachment":[{"href":"https:\/\/archive.sana.sy\/tr\/index.php?rest_route=%2Fwp%2Fv2%2Fmedia&parent=309919"}],"wp:term":[{"taxonomy":"category","embeddable":true,"href":"https:\/\/archive.sana.sy\/tr\/index.php?rest_route=%2Fwp%2Fv2%2Fcategories&post=309919"},{"taxonomy":"post_tag","embeddable":true,"href":"https:\/\/archive.sana.sy\/tr\/index.php?rest_route=%2Fwp%2Fv2%2Ftags&post=309919"}],"curies":[{"name":"wp","href":"https:\/\/api.w.org\/{rel}","templated":true}]}}