{"id":309930,"date":"2024-10-11T15:34:21","date_gmt":"2024-10-11T12:34:21","guid":{"rendered":"https:\/\/sana.sy\/tr\/?p=309930"},"modified":"2024-10-11T16:03:25","modified_gmt":"2024-10-11T13:03:25","slug":"bm-ve-rusya-israilin-guney-lubnandaki-unifil-guclerine-yonelik-saldirilarini-kinadi","status":"publish","type":"post","link":"https:\/\/archive.sana.sy\/tr\/?p=309930","title":{"rendered":"BM Ve Rusya, \u0130srail&#8217;in G\u00fcney L\u00fcbnan&#8217;daki UNIFIL G\u00fc\u00e7lerine Y\u00f6nelik Sald\u0131r\u0131lar\u0131n\u0131 K\u0131nad\u0131"},"content":{"rendered":"<p style=\"text-align: justify;\"><strong>VIENTIANE VE MOSKOVA (SANA) &#8211;<\/strong>\u00a0 Birle\u015fmi\u015f Milletler Genel Sekreteri Ant\u00f3nio Guterres, \u0130srail taraf\u0131n\u0131n g\u00fcney L\u00fcbnan&#8217;daki UNIFIL g\u00fc\u00e7lerini hedef almas\u0131n\u0131n insani ve uluslararas\u0131 hukukun a\u00e7\u0131k bir ihlali oldu\u011funu do\u011frulad\u0131.<\/p>\n<p style=\"text-align: justify;\">Agence France-Presse, Guterres&#8217;in Laos&#8217;taki zirve s\u0131ras\u0131nda G\u00fcneydo\u011fu Asya \u00fclkelerinin liderleriyle yapt\u0131\u011f\u0131 g\u00f6r\u00fc\u015fmeler sonras\u0131nda \u015fu s\u00f6zleri aktard\u0131: &#8220;Uluslararas\u0131 insanc\u0131l hukukun ihlali anlam\u0131na gelen ve \u00e7ok say\u0131da bar\u0131\u015f g\u00fcc\u00fcn\u00fcn yaralanmas\u0131na yol a\u00e7an Birle\u015fmi\u015f Milletler tesislerindeki sald\u0131r\u0131y\u0131 k\u0131n\u0131yoruz.&#8221;<\/p>\n<p style=\"text-align: justify;\">Guterres ayr\u0131ca, &#8220;\u0130srail&#8217;e bu konunun kabul edilemez oldu\u011funu ve bir daha tekrarlanmamas\u0131 gerekti\u011fini \u00e7ok a\u00e7\u0131k bir \u015fekilde bildirerek, yaralanan bar\u0131\u015f g\u00fc\u00e7leriyle dayan\u0131\u015fma i\u00e7inde olan bir\u00e7ok kesimden elbette tepki geldi&#8221; dedi.<\/p>\n<p style=\"text-align: justify;\">Rusya ise UNIFIL g\u00fc\u00e7lerinin d\u00fc\u015fman \u0130srail taraf\u0131ndan hedef al\u0131nmas\u0131ndan duydu\u011fu memnuniyetsizli\u011fi ve \u00f6fkeyi dile getirirken,\u00a0 D\u0131\u015fi\u015fleri Bakanl\u0131\u011f\u0131 yapt\u0131\u011f\u0131 a\u00e7\u0131klamada \u015funlar\u0131 s\u00f6yledi: &#8220;Moskova, \u0130srail ordusunun eylemlerine \u00f6fkeli ve ondan, Birle\u015fmi\u015f Milletler G\u00fcvenlik Konseyi&#8217;nin mevcut yetkisi uyar\u0131nca L\u00fcbnan&#8217;da misyonlar\u0131n\u0131 yerine getiren bar\u0131\u015f\u0131 koruma g\u00fc\u00e7lerine kar\u015f\u0131 her t\u00fcrl\u00fc d\u00fc\u015fmanca eylemden ka\u00e7\u0131nmas\u0131n\u0131 talep ediyor.&#8221;<\/p>\n<p style=\"text-align: center;\"><strong><a href=\"https:\/\/t.me\/SuriyeArapHaberAjansI\">Telegram Kanal\u0131m\u0131z\u00a0<\/a>||<a href=\"https:\/\/twitter.com\/arap_ajans\">X Platformumuz\u00a0<\/a>||<a href=\"https:\/\/www.facebook.com\/SANAHaberAjansi\/\">Facebook Sayfam\u0131z<\/a><\/strong><\/p>\n","protected":false},"excerpt":{"rendered":"<p>VIENTIANE VE MOSKOVA (SANA) &#8211;\u00a0 Birle\u015fmi\u015f Milletler Genel Sekreteri Ant\u00f3nio Guterres, \u0130srail taraf\u0131n\u0131n g\u00fcney L\u00fcbnan&#8217;daki UNIFIL g\u00fc\u00e7lerini hedef almas\u0131n\u0131n insani ve uluslararas\u0131 hukukun a\u00e7\u0131k bir ihlali oldu\u011funu do\u011frulad\u0131. Agence France-Presse, Guterres&#8217;in Laos&#8217;taki zirve s\u0131ras\u0131nda G\u00fcneydo\u011fu Asya \u00fclkelerinin liderleriyle yapt\u0131\u011f\u0131 g\u00f6r\u00fc\u015fmeler sonras\u0131nda \u015fu s\u00f6zleri aktard\u0131: &#8220;Uluslararas\u0131 insanc\u0131l hukukun ihlali anlam\u0131na gelen ve \u00e7ok say\u0131da bar\u0131\u015f g\u00fcc\u00fcn\u00fcn &hellip;<\/p>\n","protected":false},"author":41,"featured_media":309931,"comment_status":"closed","ping_status":"closed","sticky":false,"template":"","format":"standard","meta":{"footnotes":""},"categories":[458,589,459,17988],"tags":[42627,42628],"class_list":["post-309930","post","type-post","status-publish","format-standard","has-post-thumbnail","","category-dunya1","category-haber-seridi","category-haberler-arap-uluslararasi-politika","category-son-haberler","tag-bm-ve-rusya","tag-israilin-guney-lubnandaki-unifil-guclerine-yonelik-saldirilarini-kinadi"],"_links":{"self":[{"href":"https:\/\/archive.sana.sy\/tr\/index.php?rest_route=\/wp\/v2\/posts\/309930","targetHints":{"allow":["GET"]}}],"collection":[{"href":"https:\/\/archive.sana.sy\/tr\/index.php?rest_route=\/wp\/v2\/posts"}],"about":[{"href":"https:\/\/archive.sana.sy\/tr\/index.php?rest_route=\/wp\/v2\/types\/post"}],"author":[{"embeddable":true,"href":"https:\/\/archive.sana.sy\/tr\/index.php?rest_route=\/wp\/v2\/users\/41"}],"replies":[{"embeddable":true,"href":"https:\/\/archive.sana.sy\/tr\/index.php?rest_route=%2Fwp%2Fv2%2Fcomments&post=309930"}],"version-history":[{"count":1,"href":"https:\/\/archive.sana.sy\/tr\/index.php?rest_route=\/wp\/v2\/posts\/309930\/revisions"}],"predecessor-version":[{"id":309932,"href":"https:\/\/archive.sana.sy\/tr\/index.php?rest_route=\/wp\/v2\/posts\/309930\/revisions\/309932"}],"wp:featuredmedia":[{"embeddable":true,"href":"https:\/\/archive.sana.sy\/tr\/index.php?rest_route=\/wp\/v2\/media\/309931"}],"wp:attachment":[{"href":"https:\/\/archive.sana.sy\/tr\/index.php?rest_route=%2Fwp%2Fv2%2Fmedia&parent=309930"}],"wp:term":[{"taxonomy":"category","embeddable":true,"href":"https:\/\/archive.sana.sy\/tr\/index.php?rest_route=%2Fwp%2Fv2%2Fcategories&post=309930"},{"taxonomy":"post_tag","embeddable":true,"href":"https:\/\/archive.sana.sy\/tr\/index.php?rest_route=%2Fwp%2Fv2%2Ftags&post=309930"}],"curies":[{"name":"wp","href":"https:\/\/api.w.org\/{rel}","templated":true}]}}