{"id":309934,"date":"2024-10-11T16:13:54","date_gmt":"2024-10-11T13:13:54","guid":{"rendered":"https:\/\/sana.sy\/tr\/?p=309934"},"modified":"2024-10-11T16:40:14","modified_gmt":"2024-10-11T13:40:14","slug":"hizbullah-reutersin-yayinladigi-seyler-tamamen-yazarlarinin-ve-guvenlik-danismanlarinin-hayal-urunudur","status":"publish","type":"post","link":"https:\/\/archive.sana.sy\/tr\/?p=309934","title":{"rendered":"Hizbullah: Reuters&#8217;in Yay\u0131nlad\u0131\u011f\u0131 \u015eeyler Tamamen Yazarlar\u0131n\u0131n Ve g\u00fcvenlik Dan\u0131\u015fmanlar\u0131n\u0131n Hayal \u00dcr\u00fcn\u00fcd\u00fcr"},"content":{"rendered":"<p style=\"text-align: justify;\"><strong>BEYRUT (SANA) &#8211;<\/strong> \u00a0Hizbullah, Reuters&#8217;in yay\u0131nlad\u0131\u011f\u0131 raporda, Hizbullah&#8217;\u0131n yeni kara sava\u015f\u0131 komutanl\u0131\u011f\u0131 ad\u0131n\u0131 verdi\u011fi, sava\u015f\u0131n niteli\u011fi ve planlar\u0131na ili\u015fkin ayr\u0131nt\u0131lar\u0131 yalanlayarak, rapor, te\u015fkilat\u0131n yazarlar\u0131n\u0131n, gazetecilerinin ve g\u00fcvenlik dan\u0131\u015fmanlar\u0131n\u0131n hayal \u00fcr\u00fcn\u00fc olarak tan\u0131mland\u0131.<\/p>\n<p style=\"text-align: justify;\">Hizbulah&#8217;\u0131n medya ili\u015fkileri yapt\u0131\u011f\u0131 a\u00e7\u0131klamada \u015funlar\u0131 s\u00f6yledi: \u2018\u2019Reuters, Hizbullah&#8217;taki kara sava\u015f\u0131n\u0131n yeni komutanl\u0131\u011f\u0131 olarak adland\u0131rd\u0131\u011f\u0131 \u015feyin yan\u0131 s\u0131ra bu sava\u015f\u0131n do\u011fas\u0131, planlar\u0131 ve silahlar\u0131yla ilgili ayr\u0131nt\u0131lara ili\u015fkin bir rapor yay\u0131nlad\u0131. Bu rapor Reuters yazarlar\u0131n\u0131n, gazetecilerinin ve g\u00fcvenlik dan\u0131\u015fmanlar\u0131n\u0131n hayal g\u00fcc\u00fcnden ba\u015fka bir \u015fey de\u011fil.\u201d<\/p>\n<p style=\"text-align: justify;\">Hizbullah ayr\u0131ca, a\u00e7\u0131klamas\u0131na \u00a0\u015f\u00f6yle devam etti: \u201cReuters&#8217;\u0131n Hizbullah&#8217;\u0131n bir saha komutan\u0131na atfetti\u011fi iddialar kesinlikle tamamen yanl\u0131\u015ft\u0131r. \u00a0Bilindi\u011fi gibi bizim politikam\u0131z Hizbullah&#8217;ta hi\u00e7bir kayna\u011f\u0131n olmamas\u0131d\u0131r. Ayr\u0131ca kendisine atfedilen bu t\u00fcr tehlikeli bilgileri veren bir saha komutan\u0131 kayna\u011f\u0131 da yok\u2019\u2019 ifadelerini kulland\u0131.<\/p>\n<p style=\"text-align: center;\"><strong><a href=\"https:\/\/t.me\/SuriyeArapHaberAjansI\">Telegram Kanal\u0131m\u0131z\u00a0<\/a>||<a href=\"https:\/\/twitter.com\/arap_ajans\">X Platformumuz\u00a0<\/a>||<a href=\"https:\/\/www.facebook.com\/SANAHaberAjansi\/\">Facebook Sayfam\u0131z<\/a><\/strong><\/p>\n<p>&nbsp;<\/p>\n","protected":false},"excerpt":{"rendered":"<p>BEYRUT (SANA) &#8211; \u00a0Hizbullah, Reuters&#8217;in yay\u0131nlad\u0131\u011f\u0131 raporda, Hizbullah&#8217;\u0131n yeni kara sava\u015f\u0131 komutanl\u0131\u011f\u0131 ad\u0131n\u0131 verdi\u011fi, sava\u015f\u0131n niteli\u011fi ve planlar\u0131na ili\u015fkin ayr\u0131nt\u0131lar\u0131 yalanlayarak, rapor, te\u015fkilat\u0131n yazarlar\u0131n\u0131n, gazetecilerinin ve g\u00fcvenlik dan\u0131\u015fmanlar\u0131n\u0131n hayal \u00fcr\u00fcn\u00fc olarak tan\u0131mland\u0131. Hizbulah&#8217;\u0131n medya ili\u015fkileri yapt\u0131\u011f\u0131 a\u00e7\u0131klamada \u015funlar\u0131 s\u00f6yledi: \u2018\u2019Reuters, Hizbullah&#8217;taki kara sava\u015f\u0131n\u0131n yeni komutanl\u0131\u011f\u0131 olarak adland\u0131rd\u0131\u011f\u0131 \u015feyin yan\u0131 s\u0131ra bu sava\u015f\u0131n do\u011fas\u0131, planlar\u0131 ve &hellip;<\/p>\n","protected":false},"author":41,"featured_media":309935,"comment_status":"closed","ping_status":"closed","sticky":false,"template":"","format":"standard","meta":{"footnotes":""},"categories":[458,589,459,17988],"tags":[42629],"class_list":["post-309934","post","type-post","status-publish","format-standard","has-post-thumbnail","","category-dunya1","category-haber-seridi","category-haberler-arap-uluslararasi-politika","category-son-haberler","tag-hizbullah-reutersin-yayinladigi-seyler-tamamen-yazarlarinin-ve-guvenlik-danismanlarinin-hayal-urunudur"],"_links":{"self":[{"href":"https:\/\/archive.sana.sy\/tr\/index.php?rest_route=\/wp\/v2\/posts\/309934","targetHints":{"allow":["GET"]}}],"collection":[{"href":"https:\/\/archive.sana.sy\/tr\/index.php?rest_route=\/wp\/v2\/posts"}],"about":[{"href":"https:\/\/archive.sana.sy\/tr\/index.php?rest_route=\/wp\/v2\/types\/post"}],"author":[{"embeddable":true,"href":"https:\/\/archive.sana.sy\/tr\/index.php?rest_route=\/wp\/v2\/users\/41"}],"replies":[{"embeddable":true,"href":"https:\/\/archive.sana.sy\/tr\/index.php?rest_route=%2Fwp%2Fv2%2Fcomments&post=309934"}],"version-history":[{"count":4,"href":"https:\/\/archive.sana.sy\/tr\/index.php?rest_route=\/wp\/v2\/posts\/309934\/revisions"}],"predecessor-version":[{"id":309939,"href":"https:\/\/archive.sana.sy\/tr\/index.php?rest_route=\/wp\/v2\/posts\/309934\/revisions\/309939"}],"wp:featuredmedia":[{"embeddable":true,"href":"https:\/\/archive.sana.sy\/tr\/index.php?rest_route=\/wp\/v2\/media\/309935"}],"wp:attachment":[{"href":"https:\/\/archive.sana.sy\/tr\/index.php?rest_route=%2Fwp%2Fv2%2Fmedia&parent=309934"}],"wp:term":[{"taxonomy":"category","embeddable":true,"href":"https:\/\/archive.sana.sy\/tr\/index.php?rest_route=%2Fwp%2Fv2%2Fcategories&post=309934"},{"taxonomy":"post_tag","embeddable":true,"href":"https:\/\/archive.sana.sy\/tr\/index.php?rest_route=%2Fwp%2Fv2%2Ftags&post=309934"}],"curies":[{"name":"wp","href":"https:\/\/api.w.org\/{rel}","templated":true}]}}