{"id":309940,"date":"2024-10-11T05:49:02","date_gmt":"2024-10-11T02:49:02","guid":{"rendered":"https:\/\/sana.sy\/tr\/?p=309940"},"modified":"2024-10-11T17:57:23","modified_gmt":"2024-10-11T14:57:23","slug":"ispanya-uluslararasi-topluma-israile-silah-tedarikini-durdurma-cagrisinda-bulundu","status":"publish","type":"post","link":"https:\/\/archive.sana.sy\/tr\/?p=309940","title":{"rendered":"\u0130spanya, Uluslararas\u0131 topluma \u0130srail&#8217;e Silah Tedarikini durdurma \u00c7a\u011fr\u0131s\u0131nda Bulundu"},"content":{"rendered":"<p style=\"text-align: justify;\"><strong>MADR\u0130D (SANA)<\/strong> &#8211; \u0130spanya Ba\u015fbakan\u0131 Pedro Sanchez bug\u00fcn uluslararas\u0131 topluma &#8220;\u0130srail&#8217;e&#8221; silah tedarikini durdurma \u00e7a\u011fr\u0131s\u0131nda bulundu.<\/p>\n<p style=\"text-align: justify;\">Agence France-Presse&#8217;nin haberine g\u00f6re Sanchez, Papa Francis ile Vatikan&#8217;da yapt\u0131\u011f\u0131 g\u00f6r\u00fc\u015fmenin ard\u0131ndan gazetecilere \u015funlar\u0131 s\u00f6yledi: \u2018\u2019Ortado\u011fu&#8217;da olup biten her \u015feyin \u0131\u015f\u0131\u011f\u0131nda, uluslararas\u0131 toplumun \u0130srail h\u00fck\u00fcmetine silah ihracat\u0131n\u0131 acilen durdurmas\u0131 gerekti\u011fine inan\u0131yorum.\u2019\u2019<\/p>\n<p style=\"text-align: justify;\">Sanchez ayr\u0131ca, &#8220;Bu, Gazze ve Bat\u0131 \u015eeria&#8217;da veya bu durumda L\u00fcbnan&#8217;da \u015fiddetin ve sava\u015f\u0131n t\u0131rmanmas\u0131na ve yay\u0131lmas\u0131na \u015fu veya bu \u015fekilde katk\u0131da bulunmama gere\u011fini vurgulayarak t\u00fcm uluslararas\u0131 topluma \u00e7a\u011fr\u0131m olacak&#8221; ifadelerini s\u00f6zlerine ekledi.<\/p>\n<p style=\"text-align: justify;\">Ge\u00e7ti\u011fimiz \u00c7ar\u015famba g\u00fcn\u00fc Sanchez, \u0130srail&#8217;in L\u00fcbnan&#8217;a y\u00f6nelik sald\u0131rganl\u0131\u011f\u0131n\u0131 bir i\u015fgal olarak nitelendirerek uluslararas\u0131 topluma bunu durdurmak i\u00e7in harekete ge\u00e7me \u00e7a\u011fr\u0131s\u0131nda bulunmu\u015ftu.<\/p>\n<p style=\"text-align: center;\"><strong><a href=\"https:\/\/t.me\/SuriyeArapHaberAjansI\">Telegram Kanal\u0131m\u0131z\u00a0<\/a>||<a href=\"https:\/\/twitter.com\/arap_ajans\">X Platformumuz\u00a0<\/a>||<a href=\"https:\/\/www.facebook.com\/SANAHaberAjansi\/\">Facebook Sayfam\u0131z<\/a><\/strong><\/p>\n","protected":false},"excerpt":{"rendered":"<p>MADR\u0130D (SANA) &#8211; \u0130spanya Ba\u015fbakan\u0131 Pedro Sanchez bug\u00fcn uluslararas\u0131 topluma &#8220;\u0130srail&#8217;e&#8221; silah tedarikini durdurma \u00e7a\u011fr\u0131s\u0131nda bulundu. Agence France-Presse&#8217;nin haberine g\u00f6re Sanchez, Papa Francis ile Vatikan&#8217;da yapt\u0131\u011f\u0131 g\u00f6r\u00fc\u015fmenin ard\u0131ndan gazetecilere \u015funlar\u0131 s\u00f6yledi: \u2018\u2019Ortado\u011fu&#8217;da olup biten her \u015feyin \u0131\u015f\u0131\u011f\u0131nda, uluslararas\u0131 toplumun \u0130srail h\u00fck\u00fcmetine silah ihracat\u0131n\u0131 acilen durdurmas\u0131 gerekti\u011fine inan\u0131yorum.\u2019\u2019 Sanchez ayr\u0131ca, &#8220;Bu, Gazze ve Bat\u0131 \u015eeria&#8217;da veya &hellip;<\/p>\n","protected":false},"author":41,"featured_media":309941,"comment_status":"closed","ping_status":"closed","sticky":false,"template":"","format":"standard","meta":{"footnotes":""},"categories":[458,589,459,17988],"tags":[25739,42630],"class_list":["post-309940","post","type-post","status-publish","format-standard","has-post-thumbnail","","category-dunya1","category-haber-seridi","category-haberler-arap-uluslararasi-politika","category-son-haberler","tag-ispanya","tag-uluslararasi-topluma-israile-silah-tedarikini-durdurma-cagrisinda-bulundu"],"_links":{"self":[{"href":"https:\/\/archive.sana.sy\/tr\/index.php?rest_route=\/wp\/v2\/posts\/309940","targetHints":{"allow":["GET"]}}],"collection":[{"href":"https:\/\/archive.sana.sy\/tr\/index.php?rest_route=\/wp\/v2\/posts"}],"about":[{"href":"https:\/\/archive.sana.sy\/tr\/index.php?rest_route=\/wp\/v2\/types\/post"}],"author":[{"embeddable":true,"href":"https:\/\/archive.sana.sy\/tr\/index.php?rest_route=\/wp\/v2\/users\/41"}],"replies":[{"embeddable":true,"href":"https:\/\/archive.sana.sy\/tr\/index.php?rest_route=%2Fwp%2Fv2%2Fcomments&post=309940"}],"version-history":[{"count":1,"href":"https:\/\/archive.sana.sy\/tr\/index.php?rest_route=\/wp\/v2\/posts\/309940\/revisions"}],"predecessor-version":[{"id":309942,"href":"https:\/\/archive.sana.sy\/tr\/index.php?rest_route=\/wp\/v2\/posts\/309940\/revisions\/309942"}],"wp:featuredmedia":[{"embeddable":true,"href":"https:\/\/archive.sana.sy\/tr\/index.php?rest_route=\/wp\/v2\/media\/309941"}],"wp:attachment":[{"href":"https:\/\/archive.sana.sy\/tr\/index.php?rest_route=%2Fwp%2Fv2%2Fmedia&parent=309940"}],"wp:term":[{"taxonomy":"category","embeddable":true,"href":"https:\/\/archive.sana.sy\/tr\/index.php?rest_route=%2Fwp%2Fv2%2Fcategories&post=309940"},{"taxonomy":"post_tag","embeddable":true,"href":"https:\/\/archive.sana.sy\/tr\/index.php?rest_route=%2Fwp%2Fv2%2Ftags&post=309940"}],"curies":[{"name":"wp","href":"https:\/\/api.w.org\/{rel}","templated":true}]}}