{"id":309944,"date":"2024-10-10T22:21:35","date_gmt":"2024-10-10T19:21:35","guid":{"rendered":"https:\/\/sana.sy\/tr\/?p=309944"},"modified":"2024-10-12T17:46:04","modified_gmt":"2024-10-12T14:46:04","slug":"dahhak-gk-israil-isgal-varliginin-suriye-topraklarina-yonelik-saldirganliklarini-durdurmak-icin-derhal-harekete-gecmelidir","status":"publish","type":"post","link":"https:\/\/archive.sana.sy\/tr\/?p=309944","title":{"rendered":"Dahhak: GK, \u0130srail \u0130\u015fgal Varl\u0131\u011f\u0131n\u0131n Suriye Topraklar\u0131na Y\u00f6nelik Sald\u0131rganl\u0131klar\u0131n\u0131 Durdurmak \u0130\u00e7in Derhal Harekete Ge\u00e7melidir"},"content":{"rendered":"<p style=\"text-align: justify;\"><strong>NEW YORK (SANA) &#8211;<\/strong> Suriye&#8217;nin Birle\u015fmi\u015f Milletler Daimi Temsilcisi B\u00fcy\u00fckel\u00e7i Kusey Dahhak, G\u00fcvenlik Konseyi&#8217;nin \u0130srail i\u015fgal varl\u0131\u011f\u0131n\u0131n Suriye topraklar\u0131na y\u00f6nelik sald\u0131rganl\u0131klar\u0131n\u0131 durdurmak ve bu sald\u0131rganl\u0131klar\u0131n tekrarlanmamas\u0131n\u0131 sa\u011flamak i\u00e7in derhal harekete ge\u00e7mesi gerekti\u011fini vurgulayarak, konseyin kesin ve acil \u00f6nlemler almas\u0131 ve i\u015fgali Filistin ve L\u00fcbnan&#8217;a y\u00f6nelik sald\u0131rganl\u0131\u011f\u0131n\u0131 durdurmaya, varl\u0131\u011f\u0131 dizginlemeye ve L\u00fcbnan topraklar\u0131n\u0131 i\u015fgal etme giri\u015fimlerine kar\u015f\u0131 koymaya zorlayan a\u00e7\u0131k ve yorumlanamaz bir karar vermesi gerekti\u011fini kaydetti.<\/p>\n<p style=\"text-align: justify;\">B\u00fcy\u00fckel\u00e7i Dahhak, Ortado\u011fu&#8217;daki duruma ili\u015fkin G\u00fcvenlik Konseyi oturumu s\u0131ras\u0131nda yapt\u0131\u011f konu\u015fmada \u015fu ifadeleri kulland\u0131: \u2018\u2019 \u0130srail i\u015fgal yetkilileri Konseyinizi dinlemiyor, Birle\u015fmi\u015f Milletleri ve uluslararas\u0131 hukuku hi\u00e7e saymaya, daha fazla sald\u0131rganl\u0131k ve vah\u015fi su\u00e7lar i\u015flemeye ve masum sivillerin kan\u0131n\u0131 d\u00f6kmeye devam ediyor&#8230;. Bu Konseyde kendilerini insan haklar\u0131n\u0131n savunucusu olarak ilan eden baz\u0131lar\u0131n\u0131n, i\u015fgalci varl\u0131\u011f\u0131n \u015eart&#8217;\u0131n ilke ve ama\u00e7lar\u0131n\u0131 ihlal etmesinde ve uluslararas\u0131 hukuk h\u00fck\u00fcmlerini ihlal etmesinde hi\u00e7bir sak\u0131nca g\u00f6rmemesi kabul edilemez ve utan\u00e7 vericidir.\u2019\u2019<\/p>\n<p style=\"text-align: justify;\">Dahhak konu\u015fmas\u0131nda da, \u2018\u2019Sivillerin kas\u0131tl\u0131 olarak hedef al\u0131nmas\u0131 ve \u015fehir merkezleri ile sivillerin yo\u011fun oldu\u011fu yerle\u015fim b\u00f6lgelerinde a\u011f\u0131r silahlar\u0131n ve muazzam y\u0131k\u0131c\u0131 kapasiteye sahip bombalar\u0131n yayg\u0131n \u015fekilde kullan\u0131lmas\u0131, i\u015fgalin sald\u0131rgan do\u011fas\u0131n\u0131 ve su\u00e7 uygulamalar\u0131n\u0131 a\u00e7\u0131k\u00e7a yans\u0131tmaktad\u0131r\u2019\u2019 ifadelerini kulland\u0131.<\/p>\n<p style=\"text-align: justify;\">\u2018\u2019\u00dclkem Suriye, topraklar\u0131n\u0131n b\u00fct\u00fcnl\u00fc\u011f\u00fcn\u00fc uluslararas\u0131 hukukla g\u00fcvence alt\u0131na al\u0131nan her t\u00fcrl\u00fc yola ba\u015fvurarak savunma hakk\u0131n\u0131n alt\u0131n\u0131 \u00e7iziyor ve G\u00fcvenlik Konseyi&#8217;ni bu sald\u0131r\u0131lar\u0131 durdurmak ve tekrarlanmamas\u0131n\u0131 sa\u011flamak i\u00e7in derhal harekete ge\u00e7meye \u00e7a\u011f\u0131r\u0131yor\u2019\u2019 a\u00e7\u0131klams\u0131nda bulunan Dahhak \u015f\u00f6yle devam etti: \u2018\u2019\u00dclkem, \u0130srail&#8217;in sald\u0131rganl\u0131\u011f\u0131 sonucu acil bir insani trajediyle kar\u015f\u0131 kar\u015f\u0131ya kalan karde\u015f L\u00fcbnan&#8217;la g\u00fc\u00e7l\u00fc dayan\u0131\u015fmas\u0131n\u0131 yineliyor.\u2019\u2019<\/p>\n<p style=\"text-align: justify;\">B\u00fcy\u00fckel\u00e7i Dakhhak konu\u015fmas\u0131nda da \u015fu ifadelere yer verdi: \u00a0\u2018\u2019 Suriye, Birle\u015fmi\u015f Milletler M\u00fclteciler Y\u00fcksek Komiserli\u011fi taraf\u0131ndan ba\u015flat\u0131lan ilgili ba\u015fvurulara Birle\u015fmi\u015f Milletler \u00dcye Devletlerinin yan\u0131t vermesini sab\u0131rs\u0131zl\u0131kla beklemektedir&#8230; Suriye, Konseyin kesin ve acil \u00f6nlemler almas\u0131 ve yoruma ya da ertelemeye tabi olmayan, \u0130srail i\u015fgal yetkililerini Filistin ve L\u00fcbnan&#8217;a y\u00f6nelik sald\u0131r\u0131lar\u0131n\u0131 durdurmaya zorlayan net bir karar yay\u0131nlamas\u0131 gerekti\u011fini vurguluyor.\u2019\u2019<\/p>\n<p style=\"text-align: justify;\">Dahhak konu\u015fmas\u0131n\u0131 \u2018\u2019 \u0130\u015fgalci varl\u0131\u011f\u0131n\u0131n b\u00f6lge halklar\u0131n\u0131n iradesini k\u0131rma ve onlar\u0131 i\u015fgale kar\u015f\u0131 direnme ve i\u015fgal ettikleri topraklar\u0131 geri alma y\u00f6n\u00fcndeki yerle\u015fik haklar\u0131ndan vazge\u00e7meye zorlama giri\u015fimlerinin ba\u015far\u0131ya ula\u015famayaca\u011f\u0131 tarih ger\u00e7ekleriyle de teyit edilmektedir. \u0130\u015fgal ne kadar s\u00fcrerse s\u00fcrs\u00fcn, su\u00e7 ve zulm\u00fc ne kadar s\u00fcrd\u00fcr\u00fcrse s\u00fcrd\u00fcrs\u00fcn, son s\u00f6z her zaman toprak sahiplerinin olacakt\u0131r\u2019\u2019 ifadelerini kullanarak tamamlad\u0131.<\/p>\n<p style=\"text-align: center;\"><strong> <a href=\"https:\/\/t.me\/SuriyeArapHaberAjansI\">Telegram Kanal\u0131m\u0131z\u00a0<\/a>||<a href=\"https:\/\/twitter.com\/arap_ajans\">X Platformumuz\u00a0<\/a>||<a href=\"https:\/\/www.facebook.com\/SANAHaberAjansi\/\">Facebook Sayfam\u0131z<\/a><\/strong><\/p>\n","protected":false},"excerpt":{"rendered":"<p>NEW YORK (SANA) &#8211; Suriye&#8217;nin Birle\u015fmi\u015f Milletler Daimi Temsilcisi B\u00fcy\u00fckel\u00e7i Kusey Dahhak, G\u00fcvenlik Konseyi&#8217;nin \u0130srail i\u015fgal varl\u0131\u011f\u0131n\u0131n Suriye topraklar\u0131na y\u00f6nelik sald\u0131rganl\u0131klar\u0131n\u0131 durdurmak ve bu sald\u0131rganl\u0131klar\u0131n tekrarlanmamas\u0131n\u0131 sa\u011flamak i\u00e7in derhal harekete ge\u00e7mesi gerekti\u011fini vurgulayarak, konseyin kesin ve acil \u00f6nlemler almas\u0131 ve i\u015fgali Filistin ve L\u00fcbnan&#8217;a y\u00f6nelik sald\u0131rganl\u0131\u011f\u0131n\u0131 durdurmaya, varl\u0131\u011f\u0131 dizginlemeye ve L\u00fcbnan topraklar\u0131n\u0131 i\u015fgal etme giri\u015fimlerine &hellip;<\/p>\n","protected":false},"author":41,"featured_media":309945,"comment_status":"closed","ping_status":"closed","sticky":false,"template":"","format":"standard","meta":{"footnotes":""},"categories":[458,589,459,17988],"tags":[41561,42631],"class_list":["post-309944","post","type-post","status-publish","format-standard","has-post-thumbnail","","category-dunya1","category-haber-seridi","category-haberler-arap-uluslararasi-politika","category-son-haberler","tag-dahhak-gk","tag-israil-isgal-varliginin-suriye-topraklarina-yonelik-saldirganliklarini-durdurmak-icin-derhal-harekete-gecmelidir"],"_links":{"self":[{"href":"https:\/\/archive.sana.sy\/tr\/index.php?rest_route=\/wp\/v2\/posts\/309944","targetHints":{"allow":["GET"]}}],"collection":[{"href":"https:\/\/archive.sana.sy\/tr\/index.php?rest_route=\/wp\/v2\/posts"}],"about":[{"href":"https:\/\/archive.sana.sy\/tr\/index.php?rest_route=\/wp\/v2\/types\/post"}],"author":[{"embeddable":true,"href":"https:\/\/archive.sana.sy\/tr\/index.php?rest_route=\/wp\/v2\/users\/41"}],"replies":[{"embeddable":true,"href":"https:\/\/archive.sana.sy\/tr\/index.php?rest_route=%2Fwp%2Fv2%2Fcomments&post=309944"}],"version-history":[{"count":1,"href":"https:\/\/archive.sana.sy\/tr\/index.php?rest_route=\/wp\/v2\/posts\/309944\/revisions"}],"predecessor-version":[{"id":309946,"href":"https:\/\/archive.sana.sy\/tr\/index.php?rest_route=\/wp\/v2\/posts\/309944\/revisions\/309946"}],"wp:featuredmedia":[{"embeddable":true,"href":"https:\/\/archive.sana.sy\/tr\/index.php?rest_route=\/wp\/v2\/media\/309945"}],"wp:attachment":[{"href":"https:\/\/archive.sana.sy\/tr\/index.php?rest_route=%2Fwp%2Fv2%2Fmedia&parent=309944"}],"wp:term":[{"taxonomy":"category","embeddable":true,"href":"https:\/\/archive.sana.sy\/tr\/index.php?rest_route=%2Fwp%2Fv2%2Fcategories&post=309944"},{"taxonomy":"post_tag","embeddable":true,"href":"https:\/\/archive.sana.sy\/tr\/index.php?rest_route=%2Fwp%2Fv2%2Ftags&post=309944"}],"curies":[{"name":"wp","href":"https:\/\/api.w.org\/{rel}","templated":true}]}}