{"id":309947,"date":"2024-10-11T10:43:33","date_gmt":"2024-10-11T07:43:33","guid":{"rendered":"https:\/\/sana.sy\/tr\/?p=309947"},"modified":"2024-10-11T18:49:44","modified_gmt":"2024-10-11T15:49:44","slug":"fransa-unifile-yonelik-saldiriyi-protesto-etmek-icin-siyonist-varligin-buyukelcisini-cagirdi","status":"publish","type":"post","link":"https:\/\/archive.sana.sy\/tr\/?p=309947","title":{"rendered":"Fransa, UNIFIL&#8217;e Y\u00f6nelik Sald\u0131r\u0131y\u0131 Protesto Etmek \u0130\u00e7in Siyonist Varl\u0131\u011f\u0131n B\u00fcy\u00fckel\u00e7isini \u00c7a\u011f\u0131rd\u0131"},"content":{"rendered":"<p style=\"text-align: justify;\"><strong>PAR\u0130S (SANA)<\/strong> &#8211; Bug\u00fcn Fransa D\u0131\u015fi\u015fleri Bakanl\u0131\u011f\u0131, \u0130srail i\u015fgal varl\u0131\u011f\u0131n\u0131n Paris&#8217;teki b\u00fcy\u00fckel\u00e7isini, \u0130srail kuvvetlerinin g\u00fcney L\u00fcbnan&#8217;daki ge\u00e7ici Birle\u015fmi\u015f Milletler bar\u0131\u015f\u0131 koruma g\u00fc\u00e7lerine (UNIFIL) y\u00f6nelik sald\u0131rganl\u0131\u011f\u0131n\u0131 protesto etmek amac\u0131yla \u00e7a\u011f\u0131rd\u0131.<\/p>\n<p style=\"text-align: justify;\">Agence France-Presse, bakanl\u0131\u011f\u0131n yapt\u0131\u011f\u0131 a\u00e7\u0131klamada \u015fu ifadeleri aktard\u0131: \u2018\u2019Bu sald\u0131r\u0131lar uluslararas\u0131 hukukun ciddi ihlallerini te\u015fkil etmektedir ve derhal durdurulmal\u0131d\u0131r.\u2019\u2019<\/p>\n<p style=\"text-align: justify;\">Fransa D\u0131\u015fi\u015fleri Bakanl\u0131\u011f\u0131&#8217;ndan yap\u0131lan a\u00e7\u0131klamada \u015fu ifadelere yer verildi: \u2018\u2019\u0130srail otoritelerinin bu sald\u0131r\u0131lara yap\u0131c\u0131 bir a\u00e7\u0131klama getirmesi gerekiyor.\u201d<\/p>\n<p style=\"text-align: justify;\">UNIFIL bug\u00fcn \u0130srail&#8217;in kendi birimlerine y\u00f6nelik sald\u0131r\u0131s\u0131n\u0131 k\u0131nay\u0131p bunun uluslararas\u0131 hukukun ciddi bir ihlali oldu\u011funu vurgulam\u0131\u015ft\u0131.<\/p>\n<p style=\"text-align: justify;\">D\u00fcn ve bug\u00fcn \u0130srail&#8217;in Nakura&#8217;daki karargah\u0131na d\u00fczenledi\u011fi sald\u0131r\u0131larda UNIFIL&#8217;den ikisi Endonezya uyruklu, di\u011fer ikisi Sri Lanka taburundan olmak \u00fczere d\u00f6rt UNIFIL \u00fcyesi yaralanm\u0131\u015ft\u0131.<\/p>\n<p style=\"text-align: center;\"><strong><a href=\"https:\/\/t.me\/SuriyeArapHaberAjansI\">Telegram Kanal\u0131m\u0131z\u00a0<\/a>||<a href=\"https:\/\/twitter.com\/arap_ajans\">X Platformumuz\u00a0<\/a>||<a href=\"https:\/\/www.facebook.com\/SANAHaberAjansi\/\">Facebook Sayfam\u0131z<\/a><\/strong><\/p>\n","protected":false},"excerpt":{"rendered":"<p>PAR\u0130S (SANA) &#8211; Bug\u00fcn Fransa D\u0131\u015fi\u015fleri Bakanl\u0131\u011f\u0131, \u0130srail i\u015fgal varl\u0131\u011f\u0131n\u0131n Paris&#8217;teki b\u00fcy\u00fckel\u00e7isini, \u0130srail kuvvetlerinin g\u00fcney L\u00fcbnan&#8217;daki ge\u00e7ici Birle\u015fmi\u015f Milletler bar\u0131\u015f\u0131 koruma g\u00fc\u00e7lerine (UNIFIL) y\u00f6nelik sald\u0131rganl\u0131\u011f\u0131n\u0131 protesto etmek amac\u0131yla \u00e7a\u011f\u0131rd\u0131. Agence France-Presse, bakanl\u0131\u011f\u0131n yapt\u0131\u011f\u0131 a\u00e7\u0131klamada \u015fu ifadeleri aktard\u0131: \u2018\u2019Bu sald\u0131r\u0131lar uluslararas\u0131 hukukun ciddi ihlallerini te\u015fkil etmektedir ve derhal durdurulmal\u0131d\u0131r.\u2019\u2019 Fransa D\u0131\u015fi\u015fleri Bakanl\u0131\u011f\u0131&#8217;ndan yap\u0131lan a\u00e7\u0131klamada \u015fu ifadelere &hellip;<\/p>\n","protected":false},"author":41,"featured_media":309948,"comment_status":"closed","ping_status":"closed","sticky":false,"template":"","format":"standard","meta":{"footnotes":""},"categories":[458,589,459,17988],"tags":[1411,42632],"class_list":["post-309947","post","type-post","status-publish","format-standard","has-post-thumbnail","","category-dunya1","category-haber-seridi","category-haberler-arap-uluslararasi-politika","category-son-haberler","tag-fransa","tag-unifile-yonelik-saldiriyi-protesto-etmek-icin-siyonist-varligin-buyukelcisini-cagirdi"],"_links":{"self":[{"href":"https:\/\/archive.sana.sy\/tr\/index.php?rest_route=\/wp\/v2\/posts\/309947","targetHints":{"allow":["GET"]}}],"collection":[{"href":"https:\/\/archive.sana.sy\/tr\/index.php?rest_route=\/wp\/v2\/posts"}],"about":[{"href":"https:\/\/archive.sana.sy\/tr\/index.php?rest_route=\/wp\/v2\/types\/post"}],"author":[{"embeddable":true,"href":"https:\/\/archive.sana.sy\/tr\/index.php?rest_route=\/wp\/v2\/users\/41"}],"replies":[{"embeddable":true,"href":"https:\/\/archive.sana.sy\/tr\/index.php?rest_route=%2Fwp%2Fv2%2Fcomments&post=309947"}],"version-history":[{"count":1,"href":"https:\/\/archive.sana.sy\/tr\/index.php?rest_route=\/wp\/v2\/posts\/309947\/revisions"}],"predecessor-version":[{"id":309949,"href":"https:\/\/archive.sana.sy\/tr\/index.php?rest_route=\/wp\/v2\/posts\/309947\/revisions\/309949"}],"wp:featuredmedia":[{"embeddable":true,"href":"https:\/\/archive.sana.sy\/tr\/index.php?rest_route=\/wp\/v2\/media\/309948"}],"wp:attachment":[{"href":"https:\/\/archive.sana.sy\/tr\/index.php?rest_route=%2Fwp%2Fv2%2Fmedia&parent=309947"}],"wp:term":[{"taxonomy":"category","embeddable":true,"href":"https:\/\/archive.sana.sy\/tr\/index.php?rest_route=%2Fwp%2Fv2%2Fcategories&post=309947"},{"taxonomy":"post_tag","embeddable":true,"href":"https:\/\/archive.sana.sy\/tr\/index.php?rest_route=%2Fwp%2Fv2%2Ftags&post=309947"}],"curies":[{"name":"wp","href":"https:\/\/api.w.org\/{rel}","templated":true}]}}