{"id":309955,"date":"2024-10-12T11:32:52","date_gmt":"2024-10-12T08:32:52","guid":{"rendered":"https:\/\/sana.sy\/tr\/?p=309955"},"modified":"2024-10-12T11:32:52","modified_gmt":"2024-10-12T08:32:52","slug":"isgalci-israil-cebaliyede-katliam-islemeye-devam-ediyor-onlarca-sehit-ve-yarali","status":"publish","type":"post","link":"https:\/\/archive.sana.sy\/tr\/?p=309955","title":{"rendered":"\u0130\u015fgalci \u0130srail Cebaliye&#8217;de Katliam \u0130\u015flemeye Devam Ediyor\u2026 Onlarca \u015eehit Ve Yaral\u0131"},"content":{"rendered":"<p style=\"text-align: justify;\"><strong>\u0130\u015eGAL ED\u0130LEN KUD\u00dcS (SANA) &#8211; <\/strong>\u0130\u015fgalci \u0130srail, yedi g\u00fcn boyunca Cebaliye&#8217;yi ve kuzey Gazze \u015eeridi&#8217;ndeki kamp\u0131n\u0131 havadan ve karadan bombalamaya devam ederek, onlarca sivilin \u015fehit d\u00fc\u015fmesine ve yaralanmas\u0131na yol a\u00e7\u0131yor.<\/p>\n<p style=\"text-align: justify;\">WAFA Ajans\u0131, bug\u00fcn \u015fafaktan bu yana Cebaliye ve kamp\u0131na ve Gazze \u015eeridi&#8217;nin kuzeyindeki El Saftavi ve El Tavam b\u00f6lgelerine d\u00fczenlenen f\u00fcze ve top\u00e7u bombard\u0131man\u0131nda aralar\u0131nda \u00e7ocuklar\u0131n ve kad\u0131nlar\u0131n da bulundu\u011fu d\u00fczinelerce Filistinlinin \u015fehit d\u00fc\u015ft\u00fc\u011f\u00fcn\u00fc \u00a0ve yaraland\u0131\u011f\u0131n\u0131 bildirdi.<\/p>\n<p style=\"text-align: justify;\">\u0130\u015fgalcilerin ayr\u0131ca, bu sabah Cebaliye sakinlerine yeni yer de\u011fi\u015ftirme emirleri yay\u0131nlad\u0131, ancak halk g\u00fcneye gitmemek ve kalmakta \u0131srar ediyor.<\/p>\n<p style=\"text-align: justify;\">Zaman\u0131n ge\u00e7mesi, g\u0131da, ila\u00e7 ve su giri\u015finin engellenmesi, ambulans ekiplerinin \u015fehit naa\u015flar\u0131n\u0131 almak ve yaral\u0131lar\u0131 ta\u015f\u0131mak i\u00e7in i\u00e7eri girmelerinin zorla\u015fmas\u0131yla birlikte Cebaliye kamp\u0131ndaki insani ko\u015fullar daha da tehlikeli hale geliyor.<\/p>\n<p style=\"text-align: center;\"><strong><a href=\"https:\/\/t.me\/SuriyeArapHaberAjansI\">Telegram Kanal\u0131m\u0131z\u00a0<\/a>||<a href=\"https:\/\/twitter.com\/arap_ajans\">X Platformumuz\u00a0<\/a>||<a href=\"https:\/\/www.facebook.com\/SANAHaberAjansi\/\">Facebook Sayfam\u0131z<\/a><\/strong><\/p>\n","protected":false},"excerpt":{"rendered":"<p>\u0130\u015eGAL ED\u0130LEN KUD\u00dcS (SANA) &#8211; \u0130\u015fgalci \u0130srail, yedi g\u00fcn boyunca Cebaliye&#8217;yi ve kuzey Gazze \u015eeridi&#8217;ndeki kamp\u0131n\u0131 havadan ve karadan bombalamaya devam ederek, onlarca sivilin \u015fehit d\u00fc\u015fmesine ve yaralanmas\u0131na yol a\u00e7\u0131yor. WAFA Ajans\u0131, bug\u00fcn \u015fafaktan bu yana Cebaliye ve kamp\u0131na ve Gazze \u015eeridi&#8217;nin kuzeyindeki El Saftavi ve El Tavam b\u00f6lgelerine d\u00fczenlenen f\u00fcze ve top\u00e7u bombard\u0131man\u0131nda aralar\u0131nda &hellip;<\/p>\n","protected":false},"author":41,"featured_media":309956,"comment_status":"closed","ping_status":"closed","sticky":false,"template":"","format":"standard","meta":{"footnotes":""},"categories":[458,589,17988],"tags":[42634],"class_list":["post-309955","post","type-post","status-publish","format-standard","has-post-thumbnail","","category-dunya1","category-haber-seridi","category-son-haberler","tag-isgalci-israil-cebaliyede-katliam-islemeye-devam-ediyor-onlarca-sehit-ve-yarali"],"_links":{"self":[{"href":"https:\/\/archive.sana.sy\/tr\/index.php?rest_route=\/wp\/v2\/posts\/309955","targetHints":{"allow":["GET"]}}],"collection":[{"href":"https:\/\/archive.sana.sy\/tr\/index.php?rest_route=\/wp\/v2\/posts"}],"about":[{"href":"https:\/\/archive.sana.sy\/tr\/index.php?rest_route=\/wp\/v2\/types\/post"}],"author":[{"embeddable":true,"href":"https:\/\/archive.sana.sy\/tr\/index.php?rest_route=\/wp\/v2\/users\/41"}],"replies":[{"embeddable":true,"href":"https:\/\/archive.sana.sy\/tr\/index.php?rest_route=%2Fwp%2Fv2%2Fcomments&post=309955"}],"version-history":[{"count":1,"href":"https:\/\/archive.sana.sy\/tr\/index.php?rest_route=\/wp\/v2\/posts\/309955\/revisions"}],"predecessor-version":[{"id":309957,"href":"https:\/\/archive.sana.sy\/tr\/index.php?rest_route=\/wp\/v2\/posts\/309955\/revisions\/309957"}],"wp:featuredmedia":[{"embeddable":true,"href":"https:\/\/archive.sana.sy\/tr\/index.php?rest_route=\/wp\/v2\/media\/309956"}],"wp:attachment":[{"href":"https:\/\/archive.sana.sy\/tr\/index.php?rest_route=%2Fwp%2Fv2%2Fmedia&parent=309955"}],"wp:term":[{"taxonomy":"category","embeddable":true,"href":"https:\/\/archive.sana.sy\/tr\/index.php?rest_route=%2Fwp%2Fv2%2Fcategories&post=309955"},{"taxonomy":"post_tag","embeddable":true,"href":"https:\/\/archive.sana.sy\/tr\/index.php?rest_route=%2Fwp%2Fv2%2Ftags&post=309955"}],"curies":[{"name":"wp","href":"https:\/\/api.w.org\/{rel}","templated":true}]}}