{"id":309958,"date":"2024-10-12T12:26:13","date_gmt":"2024-10-12T09:26:13","guid":{"rendered":"https:\/\/sana.sy\/tr\/?p=309958"},"modified":"2024-10-12T18:32:52","modified_gmt":"2024-10-12T15:32:52","slug":"lubnan-direnisi-hayfanin-guneyindeki-israil-dusman-askeri-ussundeki-patlayici-madde-fabrikasini-ozel-fuzelerle-hedef-aldi","status":"publish","type":"post","link":"https:\/\/archive.sana.sy\/tr\/?p=309958","title":{"rendered":"L\u00fcbnan Direni\u015fi Hayfa&#8217;n\u0131n G\u00fcneyindeki \u0130srail D\u00fc\u015fman Askeri \u00dcss\u00fcndeki Patlay\u0131c\u0131 Madde Fabrikas\u0131n\u0131 \u00d6zel F\u00fczelerle Hedef Ald\u0131"},"content":{"rendered":"<p style=\"text-align: justify;\"><strong>BEYRUT <\/strong><strong>(SANA) &#8211;<\/strong>\u00a0 Bu sabah L\u00fcbnan Ulusal Direni\u015fi, i\u015fgal alt\u0131ndaki Filistin&#8217;in kuzeyindeki Hayfa \u015fehrinin g\u00fcneyinde, \u0130srail d\u00fc\u015fman\u0131n\u0131n 7200 \u00fcss\u00fcndeki patlay\u0131c\u0131 madde fabrikas\u0131n\u0131 f\u00fcze f\u0131rlat\u0131c\u0131s\u0131yla hedef ald\u0131 ve d\u00fc\u015fman \u0130srail&#8217;in L\u00fcbnan-Filistin s\u0131n\u0131r\u0131nda ilerleme giri\u015fimlerine kar\u015f\u0131 koymak i\u00e7in bir dizi operasyon ger\u00e7ekle\u015ftirdi.<\/p>\n<p style=\"text-align: justify;\">Direni\u015f yapt\u0131\u011f\u0131 a\u00e7\u0131klamada, &#8220;Gazze \u015eeridi&#8217;ndeki kararl\u0131 Filistin halk\u0131m\u0131z\u0131 ve onlar\u0131n cesur ve onurlu direni\u015fini desteklemek ve L\u00fcbnan&#8217;\u0131 ve halk\u0131n\u0131 savunmak i\u00e7in ve \u0130srail&#8217;in \u015fehirleri, k\u00f6yleri ve sivilleri barbarca i\u015fgaline yan\u0131t olarak, direni\u015f sava\u015f\u00e7\u0131lar\u0131 bu sabah saat alt\u0131da Hayfa \u015fehrinin g\u00fcneyindeki 7200 \u00dcss\u00fc&#8217;n\u00fc bombalad\u0131 ve oradaki patlay\u0131c\u0131 madde fabrikas\u0131n\u0131 bir dizi \u00f6zel f\u00fczeyle hedef ald\u0131&#8221; diyerek, direni\u015fin \u00fclkesini, gururlu ve mazlum halk\u0131n\u0131 savunmaya haz\u0131r kalaca\u011f\u0131n\u0131 vurgulad\u0131.<\/p>\n<p style=\"text-align: justify;\">Direni\u015f, \u00fc\u00e7 ayr\u0131 a\u00e7\u0131klamada, \u0130srail d\u00fc\u015fman kuvvetlerinin Blida kasabas\u0131n\u0131n eteklerinde topland\u0131\u011f\u0131n\u0131 ve Tiberya kentindeki konu\u015flanma yerlerini bombalad\u0131\u011f\u0131n\u0131, Hirbit Zarit&#8217;teki Siyonist piyade kuvvetini top mermileriyle hedef ald\u0131\u011f\u0131n\u0131 ve do\u011frudan yaralad\u0131\u011f\u0131n\u0131 duyurdu.<\/p>\n<p style=\"text-align: justify;\">\u015eafak vakti direni\u015f, kahramanlar\u0131n\u0131n Ramya b\u00f6lgesinin \u00e7evresinden kasabaya do\u011fru ilerlemeye \u00e7al\u0131\u015fan bir Siyonist askeri buldozeri g\u00fcd\u00fcml\u00fc f\u00fczeyle hedef ald\u0131\u011f\u0131n\u0131 ve do\u011frudan vurdu\u011funu duyururken, &#8221;Zar&#8217;it k\u0131\u015flas\u0131, El Caradah b\u00f6lgesi ve Siyonist Homa askeri \u00fcss\u00fcnde d\u00fc\u015fman askerlerinin olu\u015fturdu\u011fu iki toplulu\u011fu f\u00fcze rampalar\u0131yla hedef ald\u0131ktan k\u0131sa bir s\u00fcre sonra d\u00fc\u015fman\u0131n Mailiyah&#8217;daki s\u0131\u011f\u0131na\u011f\u0131n\u0131 bir f\u00fcze rampas\u0131 ile bombalad\u0131lar&#8221; dedi.<\/p>\n<p style=\"text-align: center;\"><strong><a href=\"https:\/\/t.me\/SuriyeArapHaberAjansI\">Telegram Kanal\u0131m\u0131z\u00a0<\/a>||<a href=\"https:\/\/twitter.com\/arap_ajans\">X Platformumuz\u00a0<\/a>||<a href=\"https:\/\/www.facebook.com\/SANAHaberAjansi\/\">Facebook Sayfam\u0131z<\/a><\/strong><\/p>\n","protected":false},"excerpt":{"rendered":"<p>BEYRUT (SANA) &#8211;\u00a0 Bu sabah L\u00fcbnan Ulusal Direni\u015fi, i\u015fgal alt\u0131ndaki Filistin&#8217;in kuzeyindeki Hayfa \u015fehrinin g\u00fcneyinde, \u0130srail d\u00fc\u015fman\u0131n\u0131n 7200 \u00fcss\u00fcndeki patlay\u0131c\u0131 madde fabrikas\u0131n\u0131 f\u00fcze f\u0131rlat\u0131c\u0131s\u0131yla hedef ald\u0131 ve d\u00fc\u015fman \u0130srail&#8217;in L\u00fcbnan-Filistin s\u0131n\u0131r\u0131nda ilerleme giri\u015fimlerine kar\u015f\u0131 koymak i\u00e7in bir dizi operasyon ger\u00e7ekle\u015ftirdi. Direni\u015f yapt\u0131\u011f\u0131 a\u00e7\u0131klamada, &#8220;Gazze \u015eeridi&#8217;ndeki kararl\u0131 Filistin halk\u0131m\u0131z\u0131 ve onlar\u0131n cesur ve onurlu direni\u015fini desteklemek &hellip;<\/p>\n","protected":false},"author":41,"featured_media":309960,"comment_status":"closed","ping_status":"closed","sticky":false,"template":"","format":"standard","meta":{"footnotes":""},"categories":[458,589,459,17988],"tags":[42635],"class_list":["post-309958","post","type-post","status-publish","format-standard","has-post-thumbnail","","category-dunya1","category-haber-seridi","category-haberler-arap-uluslararasi-politika","category-son-haberler","tag-lubnan-direnisi-hayfanin-guneyindeki-israil-dusman-askeri-ussundeki-patlayici-madde-fabrikasini-ozel-fuzelerle-hedef-aldi"],"_links":{"self":[{"href":"https:\/\/archive.sana.sy\/tr\/index.php?rest_route=\/wp\/v2\/posts\/309958","targetHints":{"allow":["GET"]}}],"collection":[{"href":"https:\/\/archive.sana.sy\/tr\/index.php?rest_route=\/wp\/v2\/posts"}],"about":[{"href":"https:\/\/archive.sana.sy\/tr\/index.php?rest_route=\/wp\/v2\/types\/post"}],"author":[{"embeddable":true,"href":"https:\/\/archive.sana.sy\/tr\/index.php?rest_route=\/wp\/v2\/users\/41"}],"replies":[{"embeddable":true,"href":"https:\/\/archive.sana.sy\/tr\/index.php?rest_route=%2Fwp%2Fv2%2Fcomments&post=309958"}],"version-history":[{"count":1,"href":"https:\/\/archive.sana.sy\/tr\/index.php?rest_route=\/wp\/v2\/posts\/309958\/revisions"}],"predecessor-version":[{"id":309961,"href":"https:\/\/archive.sana.sy\/tr\/index.php?rest_route=\/wp\/v2\/posts\/309958\/revisions\/309961"}],"wp:featuredmedia":[{"embeddable":true,"href":"https:\/\/archive.sana.sy\/tr\/index.php?rest_route=\/wp\/v2\/media\/309960"}],"wp:attachment":[{"href":"https:\/\/archive.sana.sy\/tr\/index.php?rest_route=%2Fwp%2Fv2%2Fmedia&parent=309958"}],"wp:term":[{"taxonomy":"category","embeddable":true,"href":"https:\/\/archive.sana.sy\/tr\/index.php?rest_route=%2Fwp%2Fv2%2Fcategories&post=309958"},{"taxonomy":"post_tag","embeddable":true,"href":"https:\/\/archive.sana.sy\/tr\/index.php?rest_route=%2Fwp%2Fv2%2Ftags&post=309958"}],"curies":[{"name":"wp","href":"https:\/\/api.w.org\/{rel}","templated":true}]}}