{"id":30996,"date":"2015-04-26T16:30:45","date_gmt":"2015-04-26T13:30:45","guid":{"rendered":"http:\/\/www.sana.sy\/tr\/?p=30996"},"modified":"2015-04-27T16:48:41","modified_gmt":"2015-04-27T13:48:41","slug":"erdogana-tabi-cetelerin-gaddar-saldirilarinda-4-sehit","status":"publish","type":"post","link":"https:\/\/archive.sana.sy\/tr\/?p=30996","title":{"rendered":"Erdo\u011fan\u2019a Tabi \u00c7etelerin Gaddar Sald\u0131r\u0131lar\u0131nda 6 \u015eehit"},"content":{"rendered":"<p>\u0130LLER \u2013 Kimi devletlerin \u2018\u0131l\u0131ml\u0131 muhalifler\u2019 ad\u0131 alt\u0131nda destekledikleri ter\u00f6r \u00e7eteleri bu\u011fun muhtelif b\u00f6lgelerde sivil yerle\u015fim alanlar\u0131 ve hizmet kurumlar\u0131n\u0131 gaddar sald\u0131r\u0131larla hedef almaya devam ederek, bir\u00e7ok masum sivilin kurban gitmesine yol a\u00e7t\u0131lar.<\/p>\n<p>Halep \u0130l Emniyet M\u00fcd\u00fcrl\u00fc\u011f\u00fcnde bir kaynak; T\u00fcrkiye&#8217;deki rejime tabi radikal ter\u00f6r \u00e7etelerin bug\u00fcn Halep Kentinin Nil Caddesi Semtini 4 f\u00fczeyle hedef ald\u0131klar\u0131n\u0131 belirtti.<\/p>\n<p><span style=\"line-height: 1.5\">Kaynak hain sald\u0131r\u0131da bir baba ve k\u0131z \u00e7ocu\u011funun aralar\u0131nda bulundu\u011fu 3 vatanda\u015f\u0131n \u015fehit d\u00fc\u015ft\u00fcklerini ifade etti. Sald\u0131r\u0131da bir ba\u015fka vatanda\u015f\u0131n da yaraland\u0131\u011f\u0131n\u0131 aktaran kaynak; yerle\u015fim binalar\u0131 ve kamu m\u00fclklerinde maddi hasar\u0131n da olu\u015ftu\u011funu s\u00f6yledi.<\/span><\/p>\n<p>Leyramon Semtinde siper alan ter\u00f6r \u00e7etelerin f\u0131rlatt\u0131klar\u0131 birka\u00e7 f\u00fczenin \u015eiyhan Bulvar\u0131 yak\u0131nlar\u0131n\u0131, Belediye&#8217;nin Saray\u0131n civar\u0131 ve Tlal Semtine d\u00fc\u015ft\u00fc\u011f\u00fcn\u00fc belirten kaynak; sald\u0131r\u0131larda 3\u00a0vatanda\u015f\u0131n \u015fehit, 54 vatanda\u015f\u0131n da yaral\u0131 d\u00fc\u015ft\u00fc\u011f\u00fcn\u00fc s\u00f6zlerine ekledi. Kaynak vatanda\u015flara ait ev, i\u015fyerleri ve ara\u00e7lar\u0131n ise b\u00fcy\u00fck maddi hasar g\u00f6rd\u00fc\u011f\u00fcn\u00fc bildirdi.<\/p>\n<p><span style=\"color: #0000ff\">\u015eam K\u0131rsal\u0131nda \u0130lk\u00f6\u011fretim Okuluna Sald\u0131rd\u0131lar <\/span><\/p>\n<p>\u015eam k\u0131rsal\u0131 emniyet m\u00fcd\u00fcrl\u00fc\u011f\u00fcnde bir kaynak ise ter\u00f6ristlerin Deyr H\u0131bbiye K\u00f6y\u00fcnde ilk\u00f6\u011fretim okulunu havan f\u00fczeleriyle hedef ald\u0131klar\u0131n\u0131 s\u00f6yledi.<\/p>\n<p>Kaynak \u00f6\u011frencilerin s\u0131n\u0131flarda olduklar\u0131 s\u0131rada okul sahas\u0131na d\u00fc\u015fen havan mermisinde okul m\u00fcd\u00fcr\u00fc \u0130smail Sayma\u2019n\u0131n yaraland\u0131\u011f\u0131n\u0131, okul binas\u0131n\u0131n da maddi hasar g\u00f6rd\u00fc\u011f\u00fcn\u00fc aktard\u0131.<\/p>\n<p><span style=\"color: #0000ff\">Harasta Banliy\u00f6s\u00fcne Havanl\u0131 Ter\u00f6r Sald\u0131r\u0131lar\u0131 Maddi Zararlara Yol A\u00e7t\u0131<\/span><\/p>\n<p>Ter\u00f6ristlerin \u015eam K\u0131rsal\u0131 Harasta Banliy\u00f6s\u00fcne y\u00f6nelik d\u00fczenledikleri ter\u00f6r sald\u0131r\u0131lar\u0131 sonucunda vatanda\u015flar\u0131n m\u00fclklerinde maddi zararalara yol a\u00e7t\u0131.<\/p>\n<p>\u0130l Emniyet M\u00fcd\u00fcrl\u00fc\u011f\u00fcnde bir kaynak SANA muhabirine a\u00e7\u0131klamas\u0131nda, ter\u00f6ristlerin Ba\u015fkent \u015eam\u2019\u0131n kuzey giri\u015findeki Harasta Banliy\u00f6s\u00fcn\u00fc 3 havan roketiyle hedef ald\u0131klar\u0131n\u0131, birinin C1 adas\u0131na di\u011fer ikisinin ise Banliy\u00f6 Bulvar\u0131na d\u00fc\u015ft\u00fc\u011f\u00fcn\u00fc, s\u00f6z konusu sald\u0131r\u0131lar\u0131n be\u015feri isabetler d\u00fc\u015fmedi\u011fini ancak vatanda\u015flar\u0131n m\u00fclklerinde maddi hasarlara yol a\u00e7t\u0131\u011f\u0131n\u0131 s\u00f6yledi.<\/p>\n<p>A.A. &#8211; M.M. &#8211; S.\u015e<\/p>\n","protected":false},"excerpt":{"rendered":"<p>\u0130LLER \u2013 Kimi devletlerin \u2018\u0131l\u0131ml\u0131 muhalifler\u2019 ad\u0131 alt\u0131nda destekledikleri ter\u00f6r \u00e7eteleri bu\u011fun muhtelif b\u00f6lgelerde sivil yerle\u015fim alanlar\u0131 ve hizmet kurumlar\u0131n\u0131 gaddar sald\u0131r\u0131larla hedef almaya devam ederek, bir\u00e7ok masum sivilin kurban gitmesine yol a\u00e7t\u0131lar. Halep \u0130l Emniyet M\u00fcd\u00fcrl\u00fc\u011f\u00fcnde bir kaynak; T\u00fcrkiye&#8217;deki rejime tabi radikal ter\u00f6r \u00e7etelerin bug\u00fcn Halep Kentinin Nil Caddesi Semtini 4 f\u00fczeyle hedef ald\u0131klar\u0131n\u0131 &hellip;<\/p>\n","protected":false},"author":1,"featured_media":30997,"comment_status":"closed","ping_status":"closed","sticky":false,"template":"","format":"standard","meta":{"footnotes":""},"categories":[575],"tags":[14061,14062],"class_list":["post-30996","post","type-post","status-publish","format-standard","has-post-thumbnail","","category-olaylar-ve-gercekler","tag-erdogana-tabi-cetelerin-gaddar-saldirilarinda-4-sehit","tag-halep-halep-il-emniyet-mudurlugunde-bir-kaynak-turkiyedeki-rejime-tabi-radikal-teror-cetelerin-bugun-halep-kentinin-nil-caddesi-semtini-4-fuzeyle-hedef-aldiklarini-belirtti"],"_links":{"self":[{"href":"https:\/\/archive.sana.sy\/tr\/index.php?rest_route=\/wp\/v2\/posts\/30996","targetHints":{"allow":["GET"]}}],"collection":[{"href":"https:\/\/archive.sana.sy\/tr\/index.php?rest_route=\/wp\/v2\/posts"}],"about":[{"href":"https:\/\/archive.sana.sy\/tr\/index.php?rest_route=\/wp\/v2\/types\/post"}],"author":[{"embeddable":true,"href":"https:\/\/archive.sana.sy\/tr\/index.php?rest_route=\/wp\/v2\/users\/1"}],"replies":[{"embeddable":true,"href":"https:\/\/archive.sana.sy\/tr\/index.php?rest_route=%2Fwp%2Fv2%2Fcomments&post=30996"}],"version-history":[{"count":0,"href":"https:\/\/archive.sana.sy\/tr\/index.php?rest_route=\/wp\/v2\/posts\/30996\/revisions"}],"wp:featuredmedia":[{"embeddable":true,"href":"https:\/\/archive.sana.sy\/tr\/index.php?rest_route=\/wp\/v2\/media\/30997"}],"wp:attachment":[{"href":"https:\/\/archive.sana.sy\/tr\/index.php?rest_route=%2Fwp%2Fv2%2Fmedia&parent=30996"}],"wp:term":[{"taxonomy":"category","embeddable":true,"href":"https:\/\/archive.sana.sy\/tr\/index.php?rest_route=%2Fwp%2Fv2%2Fcategories&post=30996"},{"taxonomy":"post_tag","embeddable":true,"href":"https:\/\/archive.sana.sy\/tr\/index.php?rest_route=%2Fwp%2Fv2%2Ftags&post=30996"}],"curies":[{"name":"wp","href":"https:\/\/api.w.org\/{rel}","templated":true}]}}