{"id":309963,"date":"2024-10-12T11:00:18","date_gmt":"2024-10-12T08:00:18","guid":{"rendered":"https:\/\/sana.sy\/tr\/?p=309963"},"modified":"2024-10-12T13:00:42","modified_gmt":"2024-10-12T10:00:42","slug":"iran-israilin-insani-yardim-ve-tip-merkezlerine-yonelik-saldirganlari-inkar-edilemez-bir-savas-sucudur","status":"publish","type":"post","link":"https:\/\/archive.sana.sy\/tr\/?p=309963","title":{"rendered":"\u0130ran: \u0130srail&#8217;in \u0130nsani Yard\u0131m Ve T\u0131p Merkezlerine Y\u00f6nelik Sald\u0131rganlar\u0131 \u0130nkar Edilemez Bir Sava\u015f Su\u00e7udur"},"content":{"rendered":"<p style=\"text-align: justify;\"><strong>NEW YORK (SANA) <\/strong>&#8211; \u0130ran, \u0130srail&#8217;in Suriye ve L\u00fcbnan&#8217;a y\u00f6nelik tekrarlanan sald\u0131rganlar\u0131n\u0131 ve ihlallerini, yard\u0131m ve sa\u011fl\u0131k merkezlerinin hedef al\u0131nmas\u0131n\u0131 k\u0131nad\u0131\u011f\u0131n\u0131 yineleyerek, insani yard\u0131m ve t\u0131bbi tesislerin kas\u0131tl\u0131 olarak hedef al\u0131nmas\u0131n\u0131n \u201culuslararas\u0131 insanc\u0131l hukukun a\u00e7\u0131k bir ihlali ve inkar edilemez bir sava\u015f su\u00e7u\u201d oldu\u011funu vurgulad\u0131. \u201d<\/p>\n<p style=\"text-align: justify;\">\u0130ran haber ajans\u0131 IRNA, \u0130ran&#8217;\u0131n BM b\u00fcy\u00fckel\u00e7isi ve daimi temsilcisi Amir Said \u0130rvani&#8217;nin, BM G\u00fcvenlik Konseyi Ba\u015fkan\u0131 Paskal kristian ve BM Genel Sekreteri Antonio \u011euterre\u015f&#8217;e hitaben yazd\u0131\u011f\u0131 ayn\u0131 mektupta \u015funlar\u0131 s\u00f6yledi\u011fini aktard\u0131: &#8221;\u0130nsani ve t\u0131bbi tesislerin \u0130srail varl\u0131\u011f\u0131 taraf\u0131ndan kas\u0131tl\u0131 olarak hedef al\u0131nmas\u0131, uluslararas\u0131 insanc\u0131l hukukun a\u00e7\u0131k bir ihlali ve inkar edilemez bir sava\u015f su\u00e7u te\u015fkil etmektedir.&#8221;<\/p>\n<p style=\"text-align: justify;\">\u0130rvani ayr\u0131ca, BM G\u00fcvenlik Konseyi&#8217;nin d\u00fc\u015fman \u0130srail&#8217;in vah\u015fi su\u00e7lar\u0131n\u0131 m\u00fcmk\u00fcn olan en g\u00fc\u00e7l\u00fc \u015fekilde k\u0131namas\u0131 ve daha fazla Siyonist ihlalin \u00f6nlenmesi i\u00e7in acil ve kararl\u0131 \u00f6nlemler almas\u0131 gerekti\u011fini vurgulad\u0131.<\/p>\n<p style=\"text-align: justify;\">\u0130ran temsilcisi \u0130rvani, BM G\u00fcvenlik Konseyi&#8217;nin soyk\u0131r\u0131m su\u00e7lar\u0131n\u0131 ve \u0130srail&#8217;in Filistin ve L\u00fcbnan halklar\u0131na y\u00f6nelik devam eden sald\u0131rganl\u0131\u011f\u0131n\u0131 durdurma, sivilleri, insani yard\u0131m \u00e7al\u0131\u015fanlar\u0131n\u0131 ve t\u0131bbi tesisleri koruma sorumlulu\u011funu yerine getirmesi gerekti\u011fine dikkat \u00e7ekti.<\/p>\n<p style=\"text-align: justify;\">\u0130ran&#8217;\u0131n BM delegesi ve daimi temsilcisi, uluslararas\u0131 hukuka sayg\u0131 g\u00f6sterilmesi ve ba\u011fl\u0131 kal\u0131nmas\u0131n\u0131n, hesap verebilirli\u011fi sa\u011flamak ve Siyonist varl\u0131\u011f\u0131n su\u00e7lar\u0131n\u0131n tekrar\u0131n\u0131 \u00f6nlemek i\u00e7in harekete ge\u00e7menin gereklili\u011fini da vurgulad\u0131.<\/p>\n<p style=\"text-align: center;\"><strong><a href=\"https:\/\/t.me\/SuriyeArapHaberAjansI\">Telegram Kanal\u0131m\u0131z\u00a0<\/a>||<a href=\"https:\/\/twitter.com\/arap_ajans\">X Platformumuz\u00a0<\/a>||<a href=\"https:\/\/www.facebook.com\/SANAHaberAjansi\/\">Facebook Sayfam\u0131z<\/a><\/strong><\/p>\n<p style=\"text-align: justify;\">\n<p>&nbsp;<\/p>\n<p>&nbsp;<\/p>\n","protected":false},"excerpt":{"rendered":"<p>NEW YORK (SANA) &#8211; \u0130ran, \u0130srail&#8217;in Suriye ve L\u00fcbnan&#8217;a y\u00f6nelik tekrarlanan sald\u0131rganlar\u0131n\u0131 ve ihlallerini, yard\u0131m ve sa\u011fl\u0131k merkezlerinin hedef al\u0131nmas\u0131n\u0131 k\u0131nad\u0131\u011f\u0131n\u0131 yineleyerek, insani yard\u0131m ve t\u0131bbi tesislerin kas\u0131tl\u0131 olarak hedef al\u0131nmas\u0131n\u0131n \u201culuslararas\u0131 insanc\u0131l hukukun a\u00e7\u0131k bir ihlali ve inkar edilemez bir sava\u015f su\u00e7u\u201d oldu\u011funu vurgulad\u0131. \u201d \u0130ran haber ajans\u0131 IRNA, \u0130ran&#8217;\u0131n BM b\u00fcy\u00fckel\u00e7isi ve daimi &hellip;<\/p>\n","protected":false},"author":41,"featured_media":309964,"comment_status":"closed","ping_status":"closed","sticky":false,"template":"","format":"standard","meta":{"footnotes":""},"categories":[458,589,459,17988],"tags":[42636],"class_list":["post-309963","post","type-post","status-publish","format-standard","has-post-thumbnail","","category-dunya1","category-haber-seridi","category-haberler-arap-uluslararasi-politika","category-son-haberler","tag-iran-israilin-insani-yardim-ve-tip-merkezlerine-yonelik-saldirganlari-inkar-edilemez-bir-savas-sucudur"],"_links":{"self":[{"href":"https:\/\/archive.sana.sy\/tr\/index.php?rest_route=\/wp\/v2\/posts\/309963","targetHints":{"allow":["GET"]}}],"collection":[{"href":"https:\/\/archive.sana.sy\/tr\/index.php?rest_route=\/wp\/v2\/posts"}],"about":[{"href":"https:\/\/archive.sana.sy\/tr\/index.php?rest_route=\/wp\/v2\/types\/post"}],"author":[{"embeddable":true,"href":"https:\/\/archive.sana.sy\/tr\/index.php?rest_route=\/wp\/v2\/users\/41"}],"replies":[{"embeddable":true,"href":"https:\/\/archive.sana.sy\/tr\/index.php?rest_route=%2Fwp%2Fv2%2Fcomments&post=309963"}],"version-history":[{"count":1,"href":"https:\/\/archive.sana.sy\/tr\/index.php?rest_route=\/wp\/v2\/posts\/309963\/revisions"}],"predecessor-version":[{"id":309965,"href":"https:\/\/archive.sana.sy\/tr\/index.php?rest_route=\/wp\/v2\/posts\/309963\/revisions\/309965"}],"wp:featuredmedia":[{"embeddable":true,"href":"https:\/\/archive.sana.sy\/tr\/index.php?rest_route=\/wp\/v2\/media\/309964"}],"wp:attachment":[{"href":"https:\/\/archive.sana.sy\/tr\/index.php?rest_route=%2Fwp%2Fv2%2Fmedia&parent=309963"}],"wp:term":[{"taxonomy":"category","embeddable":true,"href":"https:\/\/archive.sana.sy\/tr\/index.php?rest_route=%2Fwp%2Fv2%2Fcategories&post=309963"},{"taxonomy":"post_tag","embeddable":true,"href":"https:\/\/archive.sana.sy\/tr\/index.php?rest_route=%2Fwp%2Fv2%2Ftags&post=309963"}],"curies":[{"name":"wp","href":"https:\/\/api.w.org\/{rel}","templated":true}]}}