{"id":309967,"date":"2024-10-12T14:18:49","date_gmt":"2024-10-12T11:18:49","guid":{"rendered":"https:\/\/sana.sy\/tr\/?p=309967"},"modified":"2024-10-13T15:37:19","modified_gmt":"2024-10-13T12:37:19","slug":"saldirganligin-baslangicindan-bu-yana-gazze-seridinde-42-bin-175-sehit-isgal-edilen-kudus-sana-filistin-saglik-bakanligi-isgalci-israilin-gazze-seridinde-son-24-saatte-5-katliam-gercekles","status":"publish","type":"post","link":"https:\/\/archive.sana.sy\/tr\/?p=309967","title":{"rendered":"Sald\u0131rganl\u0131\u011f\u0131n Ba\u015flang\u0131c\u0131ndan Bu Yana Gazze \u015eeridi&#8217;nde 42 Bin 175 \u015eehit"},"content":{"rendered":"<p style=\"text-align: justify;\"><strong>\u0130\u015eGAL ED\u0130LEN KUD\u00dcS (SANA) &#8211;<\/strong>\u00a0 Filistin Sa\u011fl\u0131k Bakanl\u0131\u011f\u0131, i\u015fgalci \u0130srail&#8217;in Gazze \u015eeridi&#8217;nde son 24 saatte 5 katliam ger\u00e7ekle\u015ftirdi\u011fini, 49 \u015fehit ve 219 yaral\u0131n\u0131n kald\u0131\u011f\u0131n\u0131 duyurdu.<\/p>\n<p style=\"text-align: justify;\">Bakanl\u0131k bug\u00fcn yapt\u0131\u011f\u0131 a\u00e7\u0131klamada \u015funlar\u0131 s\u00f6yledi: \u00a0&#8221;Gazze \u015eeridi&#8217;nde 372. g\u00fcn\u00fcnde devam eden i\u015fgal sald\u0131rganl\u0131\u011f\u0131n\u0131n kurbanlar\u0131n\u0131n say\u0131s\u0131 42 bin 175 \u015fehit ve 98 bin 336 yaral\u0131ya y\u00fckseldi. Baz\u0131 ma\u011fdurlar halen moloz alt\u0131nda ve yollardayken, ambulans ve sivil savunma ekipleri onlara ula\u015fam\u0131yor.&#8221;<\/p>\n<p style=\"text-align: justify;\">\u0130srail i\u015fgal u\u00e7aklar\u0131n\u0131n Gazze \u015eehri ve Gazze \u015eeridi&#8217;nin merkezindeki Bureij&#8217;i bombalamas\u0131nda 3 Filistinli \u015fehit oldu, \u00e7ok say\u0131da ki\u015fi de \u00e7e\u015fitli yaraland\u0131.<\/p>\n<p style=\"text-align: center;\"><strong><a href=\"https:\/\/t.me\/SuriyeArapHaberAjansI\">Telegram Kanal\u0131m\u0131z\u00a0<\/a>||<a href=\"https:\/\/twitter.com\/arap_ajans\">X Platformumuz\u00a0<\/a>||<a href=\"https:\/\/www.facebook.com\/SANAHaberAjansi\/\">Facebook Sayfam\u0131z<\/a><\/strong><\/p>\n","protected":false},"excerpt":{"rendered":"<p>\u0130\u015eGAL ED\u0130LEN KUD\u00dcS (SANA) &#8211;\u00a0 Filistin Sa\u011fl\u0131k Bakanl\u0131\u011f\u0131, i\u015fgalci \u0130srail&#8217;in Gazze \u015eeridi&#8217;nde son 24 saatte 5 katliam ger\u00e7ekle\u015ftirdi\u011fini, 49 \u015fehit ve 219 yaral\u0131n\u0131n kald\u0131\u011f\u0131n\u0131 duyurdu. Bakanl\u0131k bug\u00fcn yapt\u0131\u011f\u0131 a\u00e7\u0131klamada \u015funlar\u0131 s\u00f6yledi: \u00a0&#8221;Gazze \u015eeridi&#8217;nde 372. g\u00fcn\u00fcnde devam eden i\u015fgal sald\u0131rganl\u0131\u011f\u0131n\u0131n kurbanlar\u0131n\u0131n say\u0131s\u0131 42 bin 175 \u015fehit ve 98 bin 336 yaral\u0131ya y\u00fckseldi. Baz\u0131 ma\u011fdurlar halen moloz &hellip;<\/p>\n","protected":false},"author":41,"featured_media":309968,"comment_status":"closed","ping_status":"closed","sticky":false,"template":"","format":"standard","meta":{"footnotes":""},"categories":[458,589,459,17988],"tags":[42638,42637],"class_list":["post-309967","post","type-post","status-publish","format-standard","has-post-thumbnail","","category-dunya1","category-haber-seridi","category-haberler-arap-uluslararasi-politika","category-son-haberler","tag-isgalci-israilin-gazze-seridinde-son-24-saatte-5-katliam-gerceklestirdigini","tag-saldirganligin-baslangicindan-bu-yana-gazze-seridinde-42-bin-175-sehit-isgal-edilen-kudus-sana-filistin-saglik-bakanligi"],"_links":{"self":[{"href":"https:\/\/archive.sana.sy\/tr\/index.php?rest_route=\/wp\/v2\/posts\/309967","targetHints":{"allow":["GET"]}}],"collection":[{"href":"https:\/\/archive.sana.sy\/tr\/index.php?rest_route=\/wp\/v2\/posts"}],"about":[{"href":"https:\/\/archive.sana.sy\/tr\/index.php?rest_route=\/wp\/v2\/types\/post"}],"author":[{"embeddable":true,"href":"https:\/\/archive.sana.sy\/tr\/index.php?rest_route=\/wp\/v2\/users\/41"}],"replies":[{"embeddable":true,"href":"https:\/\/archive.sana.sy\/tr\/index.php?rest_route=%2Fwp%2Fv2%2Fcomments&post=309967"}],"version-history":[{"count":3,"href":"https:\/\/archive.sana.sy\/tr\/index.php?rest_route=\/wp\/v2\/posts\/309967\/revisions"}],"predecessor-version":[{"id":309971,"href":"https:\/\/archive.sana.sy\/tr\/index.php?rest_route=\/wp\/v2\/posts\/309967\/revisions\/309971"}],"wp:featuredmedia":[{"embeddable":true,"href":"https:\/\/archive.sana.sy\/tr\/index.php?rest_route=\/wp\/v2\/media\/309968"}],"wp:attachment":[{"href":"https:\/\/archive.sana.sy\/tr\/index.php?rest_route=%2Fwp%2Fv2%2Fmedia&parent=309967"}],"wp:term":[{"taxonomy":"category","embeddable":true,"href":"https:\/\/archive.sana.sy\/tr\/index.php?rest_route=%2Fwp%2Fv2%2Fcategories&post=309967"},{"taxonomy":"post_tag","embeddable":true,"href":"https:\/\/archive.sana.sy\/tr\/index.php?rest_route=%2Fwp%2Fv2%2Ftags&post=309967"}],"curies":[{"name":"wp","href":"https:\/\/api.w.org\/{rel}","templated":true}]}}