{"id":309972,"date":"2024-10-12T10:56:27","date_gmt":"2024-10-12T07:56:27","guid":{"rendered":"https:\/\/sana.sy\/tr\/?p=309972"},"modified":"2024-10-12T14:56:50","modified_gmt":"2024-10-12T11:56:50","slug":"rusya-savunma-bakani-ulkenin-kuzeyindeki-nukleer-denizalti-uretim-tesisini-denetledi","status":"publish","type":"post","link":"https:\/\/archive.sana.sy\/tr\/?p=309972","title":{"rendered":"Rusya Savunma Bakan\u0131 \u00dclkenin Kuzeyindeki N\u00fckleer Denizalt\u0131 \u00dcretim Tesisini Denetledi"},"content":{"rendered":"<p style=\"text-align: justify;\"><strong>MOSKOVA <\/strong><strong>(SANA) &#8211;<\/strong> \u00a0Rusya Savunma Bakan\u0131 Andrei Belousov, Rusya Kuzey Filosunun askeri ve sosyal altyap\u0131 tesislerinde incelemelerde bulundu ve Rusya&#8217;n\u0131n kuzeybat\u0131s\u0131ndaki Murmansk b\u00f6lgesindeki n\u00fckleer denizalt\u0131 \u00fcretim havzas\u0131n\u0131 ziyaret etti.<\/p>\n<p style=\"text-align: justify;\">Rusya Savunma Bakanl\u0131\u011f\u0131, RT&#8217;nin bug\u00fcn aktard\u0131\u011f\u0131 a\u00e7\u0131klamada \u015funlar\u0131 s\u00f6yledi: &#8220;Kuzey Filosu denizalt\u0131 kuvvetleri Komutan\u0131, Savunma Bakan\u0131 Belousov&#8217;a Proje 955&#8217;in n\u00fckleer denizalt\u0131lar\u0131n\u0131n yana\u015fma aray\u00fcz\u00fcndeki yeniden yap\u0131lanma \u00e7al\u0131\u015fmalar\u0131n\u0131n tamamland\u0131\u011f\u0131 konusunda Borei A n\u00fckleer denizalt\u0131 \u00fcss\u00fcnde bilgi verdi.&#8221;<\/p>\n<p style=\"text-align: justify;\">Belousov ayr\u0131ca, \u201cPrens Vladimir\u201d n\u00fckleer f\u00fcze denizalt\u0131s\u0131nda, radyo-elektronik silah b\u00f6lmesini ve k\u0131talararas\u0131 balistik f\u00fczeleri i\u00e7eren f\u00fcze silolar\u0131n\u0131n yerlerini ve ayr\u0131ca denizalt\u0131 m\u00fcrettebat\u0131n\u0131n konaklama yerlerini denetledi.<\/p>\n<p style=\"text-align: justify;\">Belousov, ziyareti s\u0131ras\u0131nda 61&#8217;inci Deniz Muhaf\u0131z Tugay\u0131&#8217;n\u0131n askeri ve sosyal altyap\u0131 tesislerinde de incelemelerde bulunurken de, garnizon liderli\u011finin geli\u015fme umutlar\u0131 hakk\u0131ndaki raporlar\u0131n\u0131 dinledi ve garnizonun iyile\u015ftirilmesi i\u00e7in kapsaml\u0131 bir plan haz\u0131rlanmas\u0131na ili\u015fkin bir dizi talimat verdi.<\/p>\n<p style=\"text-align: center;\"><strong><a href=\"https:\/\/t.me\/SuriyeArapHaberAjansI\">Telegram Kanal\u0131m\u0131z\u00a0<\/a>||<a href=\"https:\/\/twitter.com\/arap_ajans\">X Platformumuz\u00a0<\/a>||<a href=\"https:\/\/www.facebook.com\/SANAHaberAjansi\/\">Facebook Sayfam\u0131z<\/a><\/strong><\/p>\n","protected":false},"excerpt":{"rendered":"<p>MOSKOVA (SANA) &#8211; \u00a0Rusya Savunma Bakan\u0131 Andrei Belousov, Rusya Kuzey Filosunun askeri ve sosyal altyap\u0131 tesislerinde incelemelerde bulundu ve Rusya&#8217;n\u0131n kuzeybat\u0131s\u0131ndaki Murmansk b\u00f6lgesindeki n\u00fckleer denizalt\u0131 \u00fcretim havzas\u0131n\u0131 ziyaret etti. Rusya Savunma Bakanl\u0131\u011f\u0131, RT&#8217;nin bug\u00fcn aktard\u0131\u011f\u0131 a\u00e7\u0131klamada \u015funlar\u0131 s\u00f6yledi: &#8220;Kuzey Filosu denizalt\u0131 kuvvetleri Komutan\u0131, Savunma Bakan\u0131 Belousov&#8217;a Proje 955&#8217;in n\u00fckleer denizalt\u0131lar\u0131n\u0131n yana\u015fma aray\u00fcz\u00fcndeki yeniden yap\u0131lanma \u00e7al\u0131\u015fmalar\u0131n\u0131n &hellip;<\/p>\n","protected":false},"author":41,"featured_media":309973,"comment_status":"closed","ping_status":"closed","sticky":false,"template":"","format":"standard","meta":{"footnotes":""},"categories":[458,589,459,17988],"tags":[42639],"class_list":["post-309972","post","type-post","status-publish","format-standard","has-post-thumbnail","","category-dunya1","category-haber-seridi","category-haberler-arap-uluslararasi-politika","category-son-haberler","tag-rusya-savunma-bakani-ulkenin-kuzeyindeki-nukleer-denizalti-uretim-tesisini-denetledi"],"_links":{"self":[{"href":"https:\/\/archive.sana.sy\/tr\/index.php?rest_route=\/wp\/v2\/posts\/309972","targetHints":{"allow":["GET"]}}],"collection":[{"href":"https:\/\/archive.sana.sy\/tr\/index.php?rest_route=\/wp\/v2\/posts"}],"about":[{"href":"https:\/\/archive.sana.sy\/tr\/index.php?rest_route=\/wp\/v2\/types\/post"}],"author":[{"embeddable":true,"href":"https:\/\/archive.sana.sy\/tr\/index.php?rest_route=\/wp\/v2\/users\/41"}],"replies":[{"embeddable":true,"href":"https:\/\/archive.sana.sy\/tr\/index.php?rest_route=%2Fwp%2Fv2%2Fcomments&post=309972"}],"version-history":[{"count":1,"href":"https:\/\/archive.sana.sy\/tr\/index.php?rest_route=\/wp\/v2\/posts\/309972\/revisions"}],"predecessor-version":[{"id":309974,"href":"https:\/\/archive.sana.sy\/tr\/index.php?rest_route=\/wp\/v2\/posts\/309972\/revisions\/309974"}],"wp:featuredmedia":[{"embeddable":true,"href":"https:\/\/archive.sana.sy\/tr\/index.php?rest_route=\/wp\/v2\/media\/309973"}],"wp:attachment":[{"href":"https:\/\/archive.sana.sy\/tr\/index.php?rest_route=%2Fwp%2Fv2%2Fmedia&parent=309972"}],"wp:term":[{"taxonomy":"category","embeddable":true,"href":"https:\/\/archive.sana.sy\/tr\/index.php?rest_route=%2Fwp%2Fv2%2Fcategories&post=309972"},{"taxonomy":"post_tag","embeddable":true,"href":"https:\/\/archive.sana.sy\/tr\/index.php?rest_route=%2Fwp%2Fv2%2Ftags&post=309972"}],"curies":[{"name":"wp","href":"https:\/\/api.w.org\/{rel}","templated":true}]}}