{"id":309982,"date":"2024-10-12T18:30:02","date_gmt":"2024-10-12T15:30:02","guid":{"rendered":"https:\/\/sana.sy\/tr\/?p=309982"},"modified":"2024-10-13T15:57:59","modified_gmt":"2024-10-13T12:57:59","slug":"yuksek-yardim-komitesi-lubnandan-gelenlere-destek-saglanmasina-yonelik-mekanizmalari-gorustu","status":"publish","type":"post","link":"https:\/\/archive.sana.sy\/tr\/?p=309982","title":{"rendered":"Y\u00fcksek Yard\u0131m Komitesi, L\u00fcbnan&#8217;dan Gelenlere Destek Sa\u011flanmas\u0131na Y\u00f6nelik Mekanizmalar\u0131 G\u00f6r\u00fc\u015ft\u00fc"},"content":{"rendered":"<p style=\"text-align: justify;\"><strong>\u015eAM (SANA)<\/strong> &#8211; \u00a0Bug\u00fcn Ba\u015fbakan Muhammed Gazi Celali, Yerel Y\u00f6netim ve \u00c7evre Bakanl\u0131\u011f\u0131 binas\u0131nda Y\u00fcksek Yard\u0131m Komitesi toplant\u0131s\u0131na ba\u015fkanl\u0131k etti.<\/p>\n<p style=\"text-align: justify;\"><img loading=\"lazy\" decoding=\"async\" class=\"size-medium wp-image-309984 alignright\" src=\"http:\/\/sana.sy\/tr\/wp-content\/uploads\/2024\/10\/Untitled-21-copy-300x200.jpg\" alt=\"\" width=\"300\" height=\"200\" srcset=\"https:\/\/archive.sana.sy\/tr\/wp-content\/uploads\/2024\/10\/Untitled-21-copy-300x200.jpg 300w, https:\/\/archive.sana.sy\/tr\/wp-content\/uploads\/2024\/10\/Untitled-21-copy.jpg 660w\" sizes=\"auto, (max-width: 300px) 100vw, 300px\" \/>Toplant\u0131da, h\u00fck\u00fcmetin benimsedi\u011fi mekanizmaya uygun olarak acil m\u00fcdahalenin s\u00fcrd\u00fcr\u00fclmesi, L\u00fcbnan&#8217;dan gelenlere destek ve destek sa\u011flanmas\u0131, lojistik ve sa\u011fl\u0131k imkanlar\u0131n\u0131n hizmete sunulmas\u0131, yard\u0131m ve g\u0131da yard\u0131m\u0131 sa\u011flanmas\u0131na y\u00f6nelik mekanizmalar ele al\u0131nd\u0131.<\/p>\n<p style=\"text-align: justify;\">Toplant\u0131da ayr\u0131ca bakanl\u0131klar ve sivil toplum kurulu\u015flar\u0131 aras\u0131ndaki uluslararas\u0131 i\u015fbirli\u011fi projeleri, mevcut yard\u0131m projeleri, bunlar\u0131n uygulanmas\u0131ndaki ilerlemeler ve bakanl\u0131klar ve ilgili kurumlar aras\u0131nda koordinasyon sa\u011flanarak bunlara ili\u015fkin prosed\u00fcrlerin h\u0131zland\u0131r\u0131lmas\u0131 olanaklar\u0131 da masaya yat\u0131r\u0131ld\u0131.<\/p>\n<p style=\"text-align: justify;\">Ba\u015fbakan Celali, L\u00fcbnan&#8217;dan gelenlere gerekli hizmet ve olanaklar\u0131n sa\u011flanmas\u0131nda g\u00f6sterdikleri \u00e7abalardan dolay\u0131 Y\u00fcksek Yard\u0131m Komitesine ve t\u00fcm ulusal ortaklara te\u015fekk\u00fcrlerini iletti.<\/p>\n<p style=\"text-align: justify;\">H\u00fck\u00fcmetin sivil ve yerel toplum ve sivil toplum kurulu\u015flar\u0131yla i\u015fbirli\u011fi i\u00e7inde, k\u0131tl\u0131k ve s\u0131n\u0131rl\u0131 kaynaklar \u0131\u015f\u0131\u011f\u0131nda bile acil durumlarla ba\u015fa \u00e7\u0131kma becerisini g\u00f6sterdi\u011fine dikkat \u00e7eken Ba\u015fbakan Celali, gelenlere yan\u0131t verme ve onlar\u0131n temel ihtiya\u00e7lar\u0131n\u0131 kar\u015f\u0131lama \u00e7abalar\u0131n\u0131 birle\u015ftirmenin \u00f6nemini vurgulad\u0131.<\/p>\n<p style=\"text-align: justify;\">Toplant\u0131da, \u00f6zellikle mevcut ekonomik ko\u015fullarda gelenlere m\u00fcdahaleyi desteklemek i\u00e7in bakanl\u0131klar, kamu kurumlar\u0131 ve sivil toplum kurulu\u015flar\u0131 aras\u0131nda koordinasyonun \u00f6nemi de vurguland\u0131.<\/p>\n<p style=\"text-align: justify;\">Bilindi\u011fi \u00fczere L\u00fcbnan&#8217;dan gelenlerin toplam say\u0131s\u0131 281 bin 142&#8217;si Suriyeli, 115 bin 22&#8217;si L\u00fcbnanl\u0131 olmak \u00fczere 396 bin 164 ki\u015fiyi a\u015fm\u0131\u015ft\u0131r.<\/p>\n<p style=\"text-align: center;\"><strong><a href=\"https:\/\/t.me\/SuriyeArapHaberAjansI\">Telegram Kanal\u0131m\u0131z\u00a0<\/a>||<a href=\"https:\/\/twitter.com\/arap_ajans\">X Platformumuz\u00a0<\/a>||<a href=\"https:\/\/www.facebook.com\/SANAHaberAjansi\/\">Facebook Sayfam\u0131z<\/a><\/strong><\/p>\n","protected":false},"excerpt":{"rendered":"<p>\u015eAM (SANA) &#8211; \u00a0Bug\u00fcn Ba\u015fbakan Muhammed Gazi Celali, Yerel Y\u00f6netim ve \u00c7evre Bakanl\u0131\u011f\u0131 binas\u0131nda Y\u00fcksek Yard\u0131m Komitesi toplant\u0131s\u0131na ba\u015fkanl\u0131k etti. Toplant\u0131da, h\u00fck\u00fcmetin benimsedi\u011fi mekanizmaya uygun olarak acil m\u00fcdahalenin s\u00fcrd\u00fcr\u00fclmesi, L\u00fcbnan&#8217;dan gelenlere destek ve destek sa\u011flanmas\u0131, lojistik ve sa\u011fl\u0131k imkanlar\u0131n\u0131n hizmete sunulmas\u0131, yard\u0131m ve g\u0131da yard\u0131m\u0131 sa\u011flanmas\u0131na y\u00f6nelik mekanizmalar ele al\u0131nd\u0131. Toplant\u0131da ayr\u0131ca bakanl\u0131klar ve sivil &hellip;<\/p>\n","protected":false},"author":41,"featured_media":309983,"comment_status":"closed","ping_status":"closed","sticky":false,"template":"","format":"standard","meta":{"footnotes":""},"categories":[458,589,459,17988],"tags":[42645,42644,42643,19043,24911,42642],"class_list":["post-309982","post","type-post","status-publish","format-standard","has-post-thumbnail","","category-dunya1","category-haber-seridi","category-haberler-arap-uluslararasi-politika","category-son-haberler","tag-115-bin-22si-lubnanli-olmak-uzere-396-bin-164-kisiyi-asmistir","tag-bilindigi-uzere-lubnandan-gelenlerin-toplam-sayisinin-281-bin-142si-suriyeli","tag-lubnandan-gelenlere-destek-saglanmasina-yonelik-mekanizmalari-gorustu","tag-suriyede-son-durum","tag-suriyede-son-gelismeler","tag-yuksek-yardim-komitesi"],"_links":{"self":[{"href":"https:\/\/archive.sana.sy\/tr\/index.php?rest_route=\/wp\/v2\/posts\/309982","targetHints":{"allow":["GET"]}}],"collection":[{"href":"https:\/\/archive.sana.sy\/tr\/index.php?rest_route=\/wp\/v2\/posts"}],"about":[{"href":"https:\/\/archive.sana.sy\/tr\/index.php?rest_route=\/wp\/v2\/types\/post"}],"author":[{"embeddable":true,"href":"https:\/\/archive.sana.sy\/tr\/index.php?rest_route=\/wp\/v2\/users\/41"}],"replies":[{"embeddable":true,"href":"https:\/\/archive.sana.sy\/tr\/index.php?rest_route=%2Fwp%2Fv2%2Fcomments&post=309982"}],"version-history":[{"count":4,"href":"https:\/\/archive.sana.sy\/tr\/index.php?rest_route=\/wp\/v2\/posts\/309982\/revisions"}],"predecessor-version":[{"id":309998,"href":"https:\/\/archive.sana.sy\/tr\/index.php?rest_route=\/wp\/v2\/posts\/309982\/revisions\/309998"}],"wp:featuredmedia":[{"embeddable":true,"href":"https:\/\/archive.sana.sy\/tr\/index.php?rest_route=\/wp\/v2\/media\/309983"}],"wp:attachment":[{"href":"https:\/\/archive.sana.sy\/tr\/index.php?rest_route=%2Fwp%2Fv2%2Fmedia&parent=309982"}],"wp:term":[{"taxonomy":"category","embeddable":true,"href":"https:\/\/archive.sana.sy\/tr\/index.php?rest_route=%2Fwp%2Fv2%2Fcategories&post=309982"},{"taxonomy":"post_tag","embeddable":true,"href":"https:\/\/archive.sana.sy\/tr\/index.php?rest_route=%2Fwp%2Fv2%2Ftags&post=309982"}],"curies":[{"name":"wp","href":"https:\/\/api.w.org\/{rel}","templated":true}]}}