{"id":309988,"date":"2024-10-12T13:00:36","date_gmt":"2024-10-12T10:00:36","guid":{"rendered":"https:\/\/sana.sy\/tr\/?p=309988"},"modified":"2024-10-12T19:04:37","modified_gmt":"2024-10-12T16:04:37","slug":"unifil-israilin-lubnan-sinirindaki-mevzilerini-terk-etme-talebini-reddetti","status":"publish","type":"post","link":"https:\/\/archive.sana.sy\/tr\/?p=309988","title":{"rendered":"UNIFIL, \u0130srail&#8217;in L\u00fcbnan S\u0131n\u0131r\u0131ndaki Mevzilerini Terk Etme Talebini Reddetti"},"content":{"rendered":"<p style=\"text-align: justify;\"><strong>\u015eAM (SANA) &#8211;<\/strong>\u00a0 UNIFIL&#8217;in g\u00fcney L\u00fcbnan&#8217;daki uluslararas\u0131 bar\u0131\u015f\u0131 koruma g\u00fc\u00e7lerinin s\u00f6zc\u00fcs\u00fc Andrea Tenenti, \u0130srail i\u015fgal ordusunun kendilerinden bunu istemesinin ard\u0131ndan g\u00fc\u00e7lerinin L\u00fcbnan s\u0131n\u0131r\u0131ndaki mevzilerini terk etmeyi reddetti\u011fini do\u011frulad\u0131.<\/p>\n<p style=\"text-align: justify;\">Tenenti, Agence France-Presse&#8217;ye, \u201c\u0130srail\u201d bizden, \u0130srail kuvvetlerinin g\u00fcney L\u00fcbnan&#8217;dan \u00e7ekilmesini teyit etmek amac\u0131yla Birle\u015fmi\u015f Milletler taraf\u0131ndan 2000 y\u0131l\u0131nda kurulan ge\u00e7ici geri \u00e7ekilme hatt\u0131 olan Mavi Hat boyunca mevzilerimizi terk etmemizi istedi\u2019\u2019 diyerek, Bu b\u00f6lgede Birle\u015fmi\u015f Milletler bayra\u011f\u0131n\u0131n dalgalanmas\u0131 gerekti\u011fi i\u00e7in oybirli\u011fiyle sitelerde kalma karar\u0131 verildi\u011fini vurgulad\u0131.<\/p>\n<p style=\"text-align: center;\"><strong><a href=\"https:\/\/t.me\/SuriyeArapHaberAjansI\">Telegram Kanal\u0131m\u0131z\u00a0<\/a>||<a href=\"https:\/\/twitter.com\/arap_ajans\">X Platformumuz\u00a0<\/a>||<a href=\"https:\/\/www.facebook.com\/SANAHaberAjansi\/\">Facebook Sayfam\u0131z<\/a><\/strong><\/p>\n","protected":false},"excerpt":{"rendered":"<p>\u015eAM (SANA) &#8211;\u00a0 UNIFIL&#8217;in g\u00fcney L\u00fcbnan&#8217;daki uluslararas\u0131 bar\u0131\u015f\u0131 koruma g\u00fc\u00e7lerinin s\u00f6zc\u00fcs\u00fc Andrea Tenenti, \u0130srail i\u015fgal ordusunun kendilerinden bunu istemesinin ard\u0131ndan g\u00fc\u00e7lerinin L\u00fcbnan s\u0131n\u0131r\u0131ndaki mevzilerini terk etmeyi reddetti\u011fini do\u011frulad\u0131. Tenenti, Agence France-Presse&#8217;ye, \u201c\u0130srail\u201d bizden, \u0130srail kuvvetlerinin g\u00fcney L\u00fcbnan&#8217;dan \u00e7ekilmesini teyit etmek amac\u0131yla Birle\u015fmi\u015f Milletler taraf\u0131ndan 2000 y\u0131l\u0131nda kurulan ge\u00e7ici geri \u00e7ekilme hatt\u0131 olan Mavi Hat boyunca &hellip;<\/p>\n","protected":false},"author":41,"featured_media":309989,"comment_status":"closed","ping_status":"closed","sticky":false,"template":"","format":"standard","meta":{"footnotes":""},"categories":[458,589,459,17988],"tags":[42646,38598],"class_list":["post-309988","post","type-post","status-publish","format-standard","has-post-thumbnail","","category-dunya1","category-haber-seridi","category-haberler-arap-uluslararasi-politika","category-son-haberler","tag-israilin-lubnan-sinirindaki-mevzilerini-terk-etme-talebini-reddetti","tag-unifil"],"_links":{"self":[{"href":"https:\/\/archive.sana.sy\/tr\/index.php?rest_route=\/wp\/v2\/posts\/309988","targetHints":{"allow":["GET"]}}],"collection":[{"href":"https:\/\/archive.sana.sy\/tr\/index.php?rest_route=\/wp\/v2\/posts"}],"about":[{"href":"https:\/\/archive.sana.sy\/tr\/index.php?rest_route=\/wp\/v2\/types\/post"}],"author":[{"embeddable":true,"href":"https:\/\/archive.sana.sy\/tr\/index.php?rest_route=\/wp\/v2\/users\/41"}],"replies":[{"embeddable":true,"href":"https:\/\/archive.sana.sy\/tr\/index.php?rest_route=%2Fwp%2Fv2%2Fcomments&post=309988"}],"version-history":[{"count":1,"href":"https:\/\/archive.sana.sy\/tr\/index.php?rest_route=\/wp\/v2\/posts\/309988\/revisions"}],"predecessor-version":[{"id":309990,"href":"https:\/\/archive.sana.sy\/tr\/index.php?rest_route=\/wp\/v2\/posts\/309988\/revisions\/309990"}],"wp:featuredmedia":[{"embeddable":true,"href":"https:\/\/archive.sana.sy\/tr\/index.php?rest_route=\/wp\/v2\/media\/309989"}],"wp:attachment":[{"href":"https:\/\/archive.sana.sy\/tr\/index.php?rest_route=%2Fwp%2Fv2%2Fmedia&parent=309988"}],"wp:term":[{"taxonomy":"category","embeddable":true,"href":"https:\/\/archive.sana.sy\/tr\/index.php?rest_route=%2Fwp%2Fv2%2Fcategories&post=309988"},{"taxonomy":"post_tag","embeddable":true,"href":"https:\/\/archive.sana.sy\/tr\/index.php?rest_route=%2Fwp%2Fv2%2Ftags&post=309988"}],"curies":[{"name":"wp","href":"https:\/\/api.w.org\/{rel}","templated":true}]}}