{"id":30999,"date":"2015-04-26T16:34:33","date_gmt":"2015-04-26T13:34:33","guid":{"rendered":"http:\/\/www.sana.sy\/tr\/?p=30999"},"modified":"2015-04-27T16:49:03","modified_gmt":"2015-04-27T13:49:03","slug":"erdoganin-ilimli-muhalifleri-onlarca-masum-sivili-katletti","status":"publish","type":"post","link":"https:\/\/archive.sana.sy\/tr\/?p=30999","title":{"rendered":"Erdo\u011fan\u2019\u0131n Il\u0131ml\u0131 Muhalifleri Onlarca Masum Sivili Katletti"},"content":{"rendered":"<p>\u0130DL\u0130B \u2013 T\u00fcrkiye&#8217;deki ihvanc\u0131 rejimin \u2018\u0131l\u0131ml\u0131 muhalifler\u2019 ad\u0131 alt\u0131nda destekledi\u011fi ve geneli g\u00f6z\u00fc d\u00f6nm\u00fc\u015f yabanc\u0131 az\u0131l\u0131 radikal katillerden olu\u015fan ter\u00f6r \u00e7eteleri Cisr el \u015eu\u011fur\u2019da geneli \u00e7ocuk ve kad\u0131nlardan olu\u015fan onlarca insani katletti.<\/p>\n<p>SANA\u2019ya a\u00e7\u0131klama yapan askeri bir kaynak T\u00fcrkiye rejimine tabi radikal ter\u00f6r \u00e7etelerin bug\u00fcn erken saatlerde \u0130dlib iline tabi Cisr el \u015eu\u011fur Kasabas\u0131n\u0131n merkezi Sovmaa Meydan\u0131nda geneli \u00e7ocuk ve kad\u0131nlardan olu\u015fan onlarca masum sivilin kurban gitti\u011fi bir vah\u015fete imza att\u0131klar\u0131n\u0131 belirtti.<\/p>\n<p>Kaynak katliam bilan\u00e7osunun geneli kad\u0131n ve \u00e7ocuk 30 vatanda\u015f\u0131 a\u015ft\u0131\u011f\u0131na dikkat \u00e7ekerken, bu masum sivil insanlar\u0131n, T\u00fcrkiye rejiminin deste\u011fi ile kasabaya sald\u0131ran Nusra Cephesi \u00e7etelerinin vah\u015fetinden evlerinde yada muhtelif b\u00f6lgelerde sakland\u0131klar\u0131 s\u0131rada toplan\u0131p vah\u015fetle katledildiklerine vurgu yapt\u0131.<\/p>\n<p>\u00d6te yandan yerel kaynaklar; T\u00fcrkiye rejiminin destekledi\u011fi Nusra Cephesi ve di\u011fer ter\u00f6r \u00f6rg\u00fctlerin kasabada kelimelerle anlat\u0131lmas\u0131 m\u00fcmk\u00fcn olmayan deh\u015fet verici vah\u015fi eylemlerde bulunduklar\u0131n\u0131 ifade ederken, ordu birliklerimize desteklemelerinden dolay\u0131 adeta intikam almaya \u00e7al\u0131\u015ft\u0131klar\u0131n\u0131 s\u00f6yledi.<\/p>\n<p>Kaynaklar \u015fivelerinden anla\u015f\u0131ld\u0131\u011f\u0131 kadar\u0131yla geneli yabanc\u0131lardan olu\u015fan ter\u00f6ristlerin kasabada vatanda\u015flara ait i\u015fyerleri, evleri ve ara\u00e7lar\u0131 yak\u0131p y\u0131kt\u0131klar\u0131n\u0131, gasp ve ya\u011fmalama eylemlerinde bulunduklar\u0131na dikkat \u00e7ekti. Kamu ve hizmet kurumlar\u0131na da sald\u0131rd\u0131klar\u0131n\u0131 belirten yerel kaynaklar; binalardaki te\u00e7hizat ve t\u00fcm e\u015fyalar\u0131 \u00e7ald\u0131klar\u0131n\u0131 belirtti. Ter\u00f6ristlerin gasp ettikleri ve \u00e7ald\u0131klar\u0131 e\u015fyalar\u0131 ara\u00e7larla kasaba d\u0131\u015f\u0131na ta\u015f\u0131d\u0131klar\u0131n\u0131 belirten yerel kaynaklar; muhtemelen T\u00fcrkiye&#8217;ye do\u011fru g\u00f6t\u00fcrd\u00fcklerine i\u015faret etti.<\/p>\n<p>T\u00fcrkiye rejiminin y\u00f6nlendirmeleriyle faaliyet g\u00f6steren bu ter\u00f6r \u00e7etelerin i\u015fledikleri bu y\u00fcz karas\u0131 katliamlar\u0131; Haziran 2011\u2019de yine T\u00fcrkiye&#8217;deki rejimin y\u00f6nlendirmeleriyle Cisr el \u015eu\u011fur\u2019da i\u015fledikleri ve 120 \u015fehidimizin kurban gitmesine yol a\u00e7an deh\u015fet verici katliamlar\u0131n\u0131 haf\u0131zalarda canland\u0131rd\u0131.<\/p>\n<p>A.A. &#8211; M.M.<\/p>\n","protected":false},"excerpt":{"rendered":"<p>\u0130DL\u0130B \u2013 T\u00fcrkiye&#8217;deki ihvanc\u0131 rejimin \u2018\u0131l\u0131ml\u0131 muhalifler\u2019 ad\u0131 alt\u0131nda destekledi\u011fi ve geneli g\u00f6z\u00fc d\u00f6nm\u00fc\u015f yabanc\u0131 az\u0131l\u0131 radikal katillerden olu\u015fan ter\u00f6r \u00e7eteleri Cisr el \u015eu\u011fur\u2019da geneli \u00e7ocuk ve kad\u0131nlardan olu\u015fan onlarca insani katletti. SANA\u2019ya a\u00e7\u0131klama yapan askeri bir kaynak T\u00fcrkiye rejimine tabi radikal ter\u00f6r \u00e7etelerin bug\u00fcn erken saatlerde \u0130dlib iline tabi Cisr el \u015eu\u011fur Kasabas\u0131n\u0131n merkezi &hellip;<\/p>\n","protected":false},"author":1,"featured_media":6003,"comment_status":"closed","ping_status":"closed","sticky":false,"template":"","format":"standard","meta":{"footnotes":""},"categories":[575],"tags":[14063,14064],"class_list":["post-30999","post","type-post","status-publish","format-standard","has-post-thumbnail","","category-olaylar-ve-gercekler","tag-erdoganin-ilimli-muhalifleri-onlarca-masum-sivili-katletti","tag-idlib-turkiyedeki-ihvanci-rejimin-ilimli-muhalifler-adi-altinda-destekledigi-ve-geneli-gozu-donmus-yabanci-azili-radikal-katillerden-olusan-teror-ceteleri-cisr-el-sugur"],"_links":{"self":[{"href":"https:\/\/archive.sana.sy\/tr\/index.php?rest_route=\/wp\/v2\/posts\/30999","targetHints":{"allow":["GET"]}}],"collection":[{"href":"https:\/\/archive.sana.sy\/tr\/index.php?rest_route=\/wp\/v2\/posts"}],"about":[{"href":"https:\/\/archive.sana.sy\/tr\/index.php?rest_route=\/wp\/v2\/types\/post"}],"author":[{"embeddable":true,"href":"https:\/\/archive.sana.sy\/tr\/index.php?rest_route=\/wp\/v2\/users\/1"}],"replies":[{"embeddable":true,"href":"https:\/\/archive.sana.sy\/tr\/index.php?rest_route=%2Fwp%2Fv2%2Fcomments&post=30999"}],"version-history":[{"count":0,"href":"https:\/\/archive.sana.sy\/tr\/index.php?rest_route=\/wp\/v2\/posts\/30999\/revisions"}],"wp:featuredmedia":[{"embeddable":true,"href":"https:\/\/archive.sana.sy\/tr\/index.php?rest_route=\/wp\/v2\/media\/6003"}],"wp:attachment":[{"href":"https:\/\/archive.sana.sy\/tr\/index.php?rest_route=%2Fwp%2Fv2%2Fmedia&parent=30999"}],"wp:term":[{"taxonomy":"category","embeddable":true,"href":"https:\/\/archive.sana.sy\/tr\/index.php?rest_route=%2Fwp%2Fv2%2Fcategories&post=30999"},{"taxonomy":"post_tag","embeddable":true,"href":"https:\/\/archive.sana.sy\/tr\/index.php?rest_route=%2Fwp%2Fv2%2Ftags&post=30999"}],"curies":[{"name":"wp","href":"https:\/\/api.w.org\/{rel}","templated":true}]}}