{"id":31001,"date":"2015-04-26T17:19:12","date_gmt":"2015-04-26T14:19:12","guid":{"rendered":"http:\/\/www.sana.sy\/tr\/?p=31001"},"modified":"2015-04-26T17:19:12","modified_gmt":"2015-04-26T14:19:12","slug":"hama-kirsalinda-orduya-kan-bagisi-kampanyasi","status":"publish","type":"post","link":"https:\/\/archive.sana.sy\/tr\/?p=31001","title":{"rendered":"Hama K\u0131rsal\u0131nda Orduya Kan Ba\u011f\u0131\u015f\u0131 Kampanyas\u0131"},"content":{"rendered":"<p>HAMA \u2013 Hama k\u0131rsal\u0131n\u0131n Maar \u015eehvar Beldesinde Devrim Gen\u00e7lik Birli\u011fi, Kad\u0131nlar Birli\u011fi ve \u00c7ift\u00e7iler Cemiyetinden 100\u2019\u00fcn \u00fcst\u00fcnde vatanda\u015f bug\u00fcn d\u0131\u015f g\u00fc\u00e7lerin patronajl\u0131\u011f\u0131ndaki ter\u00f6re kar\u015f\u0131 vatan ve vatanda\u015flar\u0131 kahramanca savunan ordu birliklerimize kan ba\u011f\u0131\u015f\u0131 kampanyas\u0131na kat\u0131ld\u0131lar.<\/p>\n<p>Sosyalist Arap el Baas Partisi Hama k\u0131rsal\u0131 \u015fube ba\u015fkanl\u0131\u011f\u0131n\u0131n organize etti\u011fi kan ba\u011f\u0131\u015f\u0131 kaymas\u0131na kat\u0131lanlar; vatan koruyucular\u0131 ordu birliklerimizin vatan\u0131n muhtelif b\u00f6lgelerinde Suriye ve halk\u0131n\u0131n g\u00fcvenli\u011fini sa\u011flama amac\u0131yla \u015fan ve onur destanlar\u0131 yazd\u0131klar\u0131n\u0131 ifade etti.<\/p>\n<p>Ordu birliklerimizin kahramanl\u0131klar\u0131 ve fedakarl\u0131klar\u0131na kar\u015f\u0131l\u0131k olarak kanlar\u0131n\u0131 ba\u011f\u0131\u015flamak ve onlar\u0131 desteklemenin vatani ve insani bir g\u00f6rev oldu\u011funu belirten kat\u0131l\u0131mc\u0131lar; ter\u00f6r \u00e7etelerin ak\u0131tt\u0131klar\u0131 masum kanlar\u0131n sorumlulu\u011funu bu \u00e7eteleri destekleyenlere y\u00fcklediler.<\/p>\n<div id='gallery-1' class='gallery galleryid-31001 gallery-columns-3 gallery-size-thumbnail'><figure class='gallery-item'>\n\t\t\t<div class='gallery-icon landscape'>\n\t\t\t\t<a href='https:\/\/archive.sana.sy\/tr\/wp-content\/uploads\/2015\/04\/\u062a\u0628\u0631\u0639-\u0628\u0627\u0644\u062f\u0645-7.jpg'><img loading=\"lazy\" decoding=\"async\" width=\"150\" height=\"90\" src=\"https:\/\/archive.sana.sy\/tr\/wp-content\/uploads\/2015\/04\/\u062a\u0628\u0631\u0639-\u0628\u0627\u0644\u062f\u0645-7-150x90.jpg\" class=\"attachment-thumbnail size-thumbnail\" alt=\"\" srcset=\"https:\/\/archive.sana.sy\/tr\/wp-content\/uploads\/2015\/04\/\u062a\u0628\u0631\u0639-\u0628\u0627\u0644\u062f\u0645-7-150x90.jpg 150w, https:\/\/archive.sana.sy\/tr\/wp-content\/uploads\/2015\/04\/\u062a\u0628\u0631\u0639-\u0628\u0627\u0644\u062f\u0645-7-300x181.jpg 300w, https:\/\/archive.sana.sy\/tr\/wp-content\/uploads\/2015\/04\/\u062a\u0628\u0631\u0639-\u0628\u0627\u0644\u062f\u0645-7.jpg 929w\" sizes=\"auto, (max-width: 150px) 100vw, 150px\" \/><\/a>\n\t\t\t<\/div><\/figure><figure class='gallery-item'>\n\t\t\t<div class='gallery-icon landscape'>\n\t\t\t\t<a href='https:\/\/archive.sana.sy\/tr\/wp-content\/uploads\/2015\/04\/\u062a\u0628\u0631\u0639-\u0628\u0627\u0644\u062f\u0645-5.jpg'><img loading=\"lazy\" decoding=\"async\" width=\"150\" height=\"89\" src=\"https:\/\/archive.sana.sy\/tr\/wp-content\/uploads\/2015\/04\/\u062a\u0628\u0631\u0639-\u0628\u0627\u0644\u062f\u0645-5-150x89.jpg\" class=\"attachment-thumbnail size-thumbnail\" alt=\"\" srcset=\"https:\/\/archive.sana.sy\/tr\/wp-content\/uploads\/2015\/04\/\u062a\u0628\u0631\u0639-\u0628\u0627\u0644\u062f\u0645-5-150x89.jpg 150w, https:\/\/archive.sana.sy\/tr\/wp-content\/uploads\/2015\/04\/\u062a\u0628\u0631\u0639-\u0628\u0627\u0644\u062f\u0645-5-300x177.jpg 300w, https:\/\/archive.sana.sy\/tr\/wp-content\/uploads\/2015\/04\/\u062a\u0628\u0631\u0639-\u0628\u0627\u0644\u062f\u0645-5.jpg 945w\" sizes=\"auto, (max-width: 150px) 100vw, 150px\" \/><\/a>\n\t\t\t<\/div><\/figure><figure class='gallery-item'>\n\t\t\t<div class='gallery-icon portrait'>\n\t\t\t\t<a href='https:\/\/archive.sana.sy\/tr\/wp-content\/uploads\/2015\/04\/\u062a\u0628\u0631\u0639-\u0628\u0627\u0644\u062f\u0645-3.jpg'><img loading=\"lazy\" decoding=\"async\" width=\"110\" height=\"150\" src=\"https:\/\/archive.sana.sy\/tr\/wp-content\/uploads\/2015\/04\/\u062a\u0628\u0631\u0639-\u0628\u0627\u0644\u062f\u0645-3-110x150.jpg\" class=\"attachment-thumbnail size-thumbnail\" alt=\"\" srcset=\"https:\/\/archive.sana.sy\/tr\/wp-content\/uploads\/2015\/04\/\u062a\u0628\u0631\u0639-\u0628\u0627\u0644\u062f\u0645-3-110x150.jpg 110w, https:\/\/archive.sana.sy\/tr\/wp-content\/uploads\/2015\/04\/\u062a\u0628\u0631\u0639-\u0628\u0627\u0644\u062f\u0645-3-221x300.jpg 221w, https:\/\/archive.sana.sy\/tr\/wp-content\/uploads\/2015\/04\/\u062a\u0628\u0631\u0639-\u0628\u0627\u0644\u062f\u0645-3.jpg 459w\" sizes=\"auto, (max-width: 110px) 100vw, 110px\" \/><\/a>\n\t\t\t<\/div><\/figure>\n\t\t<\/div>\n\n<p>&nbsp;<\/p>\n<p>A.A. &#8211; M.M.<\/p>\n","protected":false},"excerpt":{"rendered":"<p>HAMA \u2013 Hama k\u0131rsal\u0131n\u0131n Maar \u015eehvar Beldesinde Devrim Gen\u00e7lik Birli\u011fi, Kad\u0131nlar Birli\u011fi ve \u00c7ift\u00e7iler Cemiyetinden 100\u2019\u00fcn \u00fcst\u00fcnde vatanda\u015f bug\u00fcn d\u0131\u015f g\u00fc\u00e7lerin patronajl\u0131\u011f\u0131ndaki ter\u00f6re kar\u015f\u0131 vatan ve vatanda\u015flar\u0131 kahramanca savunan ordu birliklerimize kan ba\u011f\u0131\u015f\u0131 kampanyas\u0131na kat\u0131ld\u0131lar. Sosyalist Arap el Baas Partisi Hama k\u0131rsal\u0131 \u015fube ba\u015fkanl\u0131\u011f\u0131n\u0131n organize etti\u011fi kan ba\u011f\u0131\u015f\u0131 kaymas\u0131na kat\u0131lanlar; vatan koruyucular\u0131 ordu birliklerimizin vatan\u0131n &hellip;<\/p>\n","protected":false},"author":1,"featured_media":31003,"comment_status":"closed","ping_status":"closed","sticky":false,"template":"","format":"standard","meta":{"footnotes":""},"categories":[479,478],"tags":[14066,14065,14067],"class_list":["post-31001","post","type-post","status-publish","format-standard","has-post-thumbnail","","category-haberler-yerel","category-yerel","tag-hama-hama-kirsalinin-maar-sehvar-beldesinde-devrim-genclik-birligi","tag-hama-kirsalinda-orduya-kan-bagisi-kampanyasi","tag-kadinlar-birligi-ve-ciftciler-cemiyetinden-100un-ustunde-vatandas-bugun-dis-guclerin-patronajligindaki-terore-karsi-vatan-ve-vatandaslari-kahramanca-savunan-ordu-birliklerimize-kan-bagisi-kam"],"_links":{"self":[{"href":"https:\/\/archive.sana.sy\/tr\/index.php?rest_route=\/wp\/v2\/posts\/31001","targetHints":{"allow":["GET"]}}],"collection":[{"href":"https:\/\/archive.sana.sy\/tr\/index.php?rest_route=\/wp\/v2\/posts"}],"about":[{"href":"https:\/\/archive.sana.sy\/tr\/index.php?rest_route=\/wp\/v2\/types\/post"}],"author":[{"embeddable":true,"href":"https:\/\/archive.sana.sy\/tr\/index.php?rest_route=\/wp\/v2\/users\/1"}],"replies":[{"embeddable":true,"href":"https:\/\/archive.sana.sy\/tr\/index.php?rest_route=%2Fwp%2Fv2%2Fcomments&post=31001"}],"version-history":[{"count":0,"href":"https:\/\/archive.sana.sy\/tr\/index.php?rest_route=\/wp\/v2\/posts\/31001\/revisions"}],"wp:featuredmedia":[{"embeddable":true,"href":"https:\/\/archive.sana.sy\/tr\/index.php?rest_route=\/wp\/v2\/media\/31003"}],"wp:attachment":[{"href":"https:\/\/archive.sana.sy\/tr\/index.php?rest_route=%2Fwp%2Fv2%2Fmedia&parent=31001"}],"wp:term":[{"taxonomy":"category","embeddable":true,"href":"https:\/\/archive.sana.sy\/tr\/index.php?rest_route=%2Fwp%2Fv2%2Fcategories&post=31001"},{"taxonomy":"post_tag","embeddable":true,"href":"https:\/\/archive.sana.sy\/tr\/index.php?rest_route=%2Fwp%2Fv2%2Ftags&post=31001"}],"curies":[{"name":"wp","href":"https:\/\/api.w.org\/{rel}","templated":true}]}}