{"id":310020,"date":"2024-10-13T16:37:48","date_gmt":"2024-10-13T13:37:48","guid":{"rendered":"https:\/\/sana.sy\/tr\/?p=310020"},"modified":"2024-10-13T16:39:39","modified_gmt":"2024-10-13T13:39:39","slug":"lubnandan-gelenler-icin-irana-ait-yardim-ucagi-lazkiye-uluslararasi-havalimanina-ulasti","status":"publish","type":"post","link":"https:\/\/archive.sana.sy\/tr\/?p=310020","title":{"rendered":"L\u00fcbnan&#8217;dan Gelenler \u0130\u00e7in \u0130ran&#8217;a Ait Yard\u0131m U\u00e7a\u011f\u0131 Lazkiye Uluslararas\u0131 Havaliman\u0131&#8217;na Ula\u015ft\u0131"},"content":{"rendered":"<p style=\"text-align: justify;\"><strong>LAZK\u0130YE (SANA) &#8211;<\/strong>\u00a0 \u0130srail&#8217;in sald\u0131rganl\u0131\u011f\u0131 sonucu L\u00fcbnan&#8217;dan Suriye&#8217;ye gelenlere destek ve yard\u0131m sa\u011flamak amac\u0131yla y\u00fcr\u00fct\u00fclen insani yard\u0131m \u00e7al\u0131\u015fmalar\u0131 kapsam\u0131nda bug\u00fcn \u0130ran&#8217;\u0131n yard\u0131m y\u00fckl\u00fc bir u\u00e7a\u011f\u0131 Lazkiye Uluslararas\u0131 Havaliman\u0131&#8217;na geldi.<\/p>\n<p style=\"text-align: justify;\">Yard\u0131m, uygun durumdaki gurbet\u00e7i ailelere nakledilecek ve da\u011f\u0131t\u0131lacak \u00e7ad\u0131rlar, elektrik lambalar\u0131, g\u0131da ve t\u0131bbi alet ve malzemeler de dahil olmak \u00fczere g\u0131da, yard\u0131m ve t\u0131bbi malzemeleri i\u00e7eriyor.<\/p>\n<p style=\"text-align: justify;\">Lazkiye Havaliman\u0131&#8217;ndaki yetkili makamlar, Hmeymim \u00fcss\u00fcndeki Rus koordinasyon merkezinde g\u00f6rev yapan Rus kuvvetleriyle i\u015fbirli\u011fi yaparak yard\u0131m u\u00e7a\u011f\u0131n\u0131n bo\u015falt\u0131lmas\u0131n\u0131 kontrol etti.<\/p>\n<div id='gallery-1' class='gallery galleryid-310020 gallery-columns-4 gallery-size-thumbnail'><figure class='gallery-item'>\n\t\t\t<div class='gallery-icon landscape'>\n\t\t\t\t<a href='https:\/\/archive.sana.sy\/tr\/?attachment_id=310025'><img loading=\"lazy\" decoding=\"async\" width=\"150\" height=\"150\" src=\"https:\/\/archive.sana.sy\/tr\/wp-content\/uploads\/2024\/10\/4-3-150x150.jpg\" class=\"attachment-thumbnail size-thumbnail\" alt=\"\" \/><\/a>\n\t\t\t<\/div><\/figure><figure class='gallery-item'>\n\t\t\t<div class='gallery-icon landscape'>\n\t\t\t\t<a href='https:\/\/archive.sana.sy\/tr\/?attachment_id=310024'><img loading=\"lazy\" decoding=\"async\" width=\"150\" height=\"150\" src=\"https:\/\/archive.sana.sy\/tr\/wp-content\/uploads\/2024\/10\/5-150x150.jpg\" class=\"attachment-thumbnail size-thumbnail\" alt=\"\" \/><\/a>\n\t\t\t<\/div><\/figure><figure class='gallery-item'>\n\t\t\t<div class='gallery-icon landscape'>\n\t\t\t\t<a href='https:\/\/archive.sana.sy\/tr\/?attachment_id=310023'><img loading=\"lazy\" decoding=\"async\" width=\"150\" height=\"150\" src=\"https:\/\/archive.sana.sy\/tr\/wp-content\/uploads\/2024\/10\/3-5-150x150.jpg\" class=\"attachment-thumbnail size-thumbnail\" alt=\"\" \/><\/a>\n\t\t\t<\/div><\/figure><figure class='gallery-item'>\n\t\t\t<div class='gallery-icon landscape'>\n\t\t\t\t<a href='https:\/\/archive.sana.sy\/tr\/?attachment_id=310022'><img loading=\"lazy\" decoding=\"async\" width=\"150\" height=\"150\" src=\"https:\/\/archive.sana.sy\/tr\/wp-content\/uploads\/2024\/10\/2-6-150x150.jpg\" class=\"attachment-thumbnail size-thumbnail\" alt=\"\" \/><\/a>\n\t\t\t<\/div><\/figure>\n\t\t<\/div>\n\n<p>&nbsp;<\/p>\n<p style=\"text-align: center;\"><strong><a href=\"https:\/\/t.me\/SuriyeArapHaberAjansI\">Telegram Kanal\u0131m\u0131z\u00a0<\/a>||<a href=\"https:\/\/twitter.com\/arap_ajans\">X Platformumuz\u00a0<\/a>||<a href=\"https:\/\/www.facebook.com\/SANAHaberAjansi\/\">Facebook Sayfam\u0131z<\/a><\/strong><\/p>\n","protected":false},"excerpt":{"rendered":"<p>LAZK\u0130YE (SANA) &#8211;\u00a0 \u0130srail&#8217;in sald\u0131rganl\u0131\u011f\u0131 sonucu L\u00fcbnan&#8217;dan Suriye&#8217;ye gelenlere destek ve yard\u0131m sa\u011flamak amac\u0131yla y\u00fcr\u00fct\u00fclen insani yard\u0131m \u00e7al\u0131\u015fmalar\u0131 kapsam\u0131nda bug\u00fcn \u0130ran&#8217;\u0131n yard\u0131m y\u00fckl\u00fc bir u\u00e7a\u011f\u0131 Lazkiye Uluslararas\u0131 Havaliman\u0131&#8217;na geldi. Yard\u0131m, uygun durumdaki gurbet\u00e7i ailelere nakledilecek ve da\u011f\u0131t\u0131lacak \u00e7ad\u0131rlar, elektrik lambalar\u0131, g\u0131da ve t\u0131bbi alet ve malzemeler de dahil olmak \u00fczere g\u0131da, yard\u0131m ve t\u0131bbi malzemeleri &hellip;<\/p>\n","protected":false},"author":41,"featured_media":310021,"comment_status":"closed","ping_status":"closed","sticky":false,"template":"","format":"standard","meta":{"footnotes":""},"categories":[589,479,17988,478],"tags":[42650,42651],"class_list":["post-310020","post","type-post","status-publish","format-standard","has-post-thumbnail","","category-haber-seridi","category-haberler-yerel","category-son-haberler","category-yerel","tag-lubnandan-gelenler-icin-irana-ait-yardim-ucagi-lazkiye-uluslararasi-havalimanina-ulasti","tag-lubnandan-suriyeye-gelen-gocmenler"],"_links":{"self":[{"href":"https:\/\/archive.sana.sy\/tr\/index.php?rest_route=\/wp\/v2\/posts\/310020","targetHints":{"allow":["GET"]}}],"collection":[{"href":"https:\/\/archive.sana.sy\/tr\/index.php?rest_route=\/wp\/v2\/posts"}],"about":[{"href":"https:\/\/archive.sana.sy\/tr\/index.php?rest_route=\/wp\/v2\/types\/post"}],"author":[{"embeddable":true,"href":"https:\/\/archive.sana.sy\/tr\/index.php?rest_route=\/wp\/v2\/users\/41"}],"replies":[{"embeddable":true,"href":"https:\/\/archive.sana.sy\/tr\/index.php?rest_route=%2Fwp%2Fv2%2Fcomments&post=310020"}],"version-history":[{"count":1,"href":"https:\/\/archive.sana.sy\/tr\/index.php?rest_route=\/wp\/v2\/posts\/310020\/revisions"}],"predecessor-version":[{"id":310026,"href":"https:\/\/archive.sana.sy\/tr\/index.php?rest_route=\/wp\/v2\/posts\/310020\/revisions\/310026"}],"wp:featuredmedia":[{"embeddable":true,"href":"https:\/\/archive.sana.sy\/tr\/index.php?rest_route=\/wp\/v2\/media\/310021"}],"wp:attachment":[{"href":"https:\/\/archive.sana.sy\/tr\/index.php?rest_route=%2Fwp%2Fv2%2Fmedia&parent=310020"}],"wp:term":[{"taxonomy":"category","embeddable":true,"href":"https:\/\/archive.sana.sy\/tr\/index.php?rest_route=%2Fwp%2Fv2%2Fcategories&post=310020"},{"taxonomy":"post_tag","embeddable":true,"href":"https:\/\/archive.sana.sy\/tr\/index.php?rest_route=%2Fwp%2Fv2%2Ftags&post=310020"}],"curies":[{"name":"wp","href":"https:\/\/api.w.org\/{rel}","templated":true}]}}