{"id":310030,"date":"2024-10-13T18:51:59","date_gmt":"2024-10-13T15:51:59","guid":{"rendered":"https:\/\/sana.sy\/tr\/?p=310030"},"modified":"2024-10-13T18:58:34","modified_gmt":"2024-10-13T15:58:34","slug":"kuneytira-valisi-isgal-guclerinin-girmesi-yok-ve-sosyal-medyada-cikan-soylentiler-dogru-degildir","status":"publish","type":"post","link":"https:\/\/archive.sana.sy\/tr\/?p=310030","title":{"rendered":"Kuneytira Valisi: \u0130\u015fgal G\u00fc\u00e7lerinin Girmesi Yok Ve Sosyal Medyada \u00c7\u0131kan S\u00f6ylentiler Do\u011fru De\u011fildir"},"content":{"rendered":"<p style=\"text-align: justify;\"><strong>KUNEYT\u0130RA (SANA)<\/strong> &#8211; Kuneytra Valisi Mutaz Ebu El Nasir Cemran, baz\u0131lar\u0131n\u0131n iddia etti\u011fi gibi \u0130srail i\u015fgal <img loading=\"lazy\" decoding=\"async\" class=\"size-full wp-image-310032 alignright\" src=\"http:\/\/sana.sy\/tr\/wp-content\/uploads\/2024\/10\/DSC_3323-copy-1-300x200-1.jpg\" alt=\"\" width=\"300\" height=\"200\" \/>g\u00fc\u00e7lerinin herhangi bir ilerlemesi olmad\u0131\u011f\u0131n\u0131, sosyal medyada \u00e7\u0131kan s\u00f6ylentilerin aksine k\u00f6y sakinlerinin g\u00fcvenli bir \u015fekilde normal hayatlar\u0131n\u0131 s\u00fcrd\u00fcrd\u00fcklerini do\u011frulayarak, bu b\u00f6lgelerde g\u00fcvenlik ve emniyetin bulunmad\u0131\u011f\u0131 y\u00f6n\u00fcndeki s\u00f6ylentilerin yanl\u0131\u015f oldu\u011funa ve medya sava\u015f\u0131 kapsam\u0131na girdi\u011fine dikkat \u00e7ekti.<\/p>\n<p style=\"text-align: justify;\">Vali Cemran, SANA&#8217;n\u0131n da aralar\u0131nda bulundu\u011fu \u00e7ok say\u0131da medya kurulu\u015funun Kuneytra Valili\u011fi k\u0131rsal\u0131ndaki baz\u0131 k\u00f6yleri gezmesinin ard\u0131ndan gazetecilere yapt\u0131\u011f\u0131 a\u00e7\u0131klamada, baz\u0131lar\u0131n\u0131n iddia etti\u011fi gibi \u0130srail i\u015fgal g\u00fc\u00e7lerinin herhangi bir sald\u0131r\u0131s\u0131n\u0131n olmad\u0131\u011f\u0131n\u0131 belirtirken, bu k\u00f6ylerde ya\u015fayanlar\u0131n normal ya\u015famlar\u0131n\u0131 s\u00fcrd\u00fcrd\u00fcklerini, faaliyet ve bak\u0131m at\u00f6lyelerinin ise her zamanki gibi \u00e7al\u0131\u015fmalar\u0131n\u0131 s\u00fcrd\u00fcrd\u00fc\u011f\u00fcn\u00fc vurgulad\u0131.<\/p>\n<p style=\"text-align: justify;\">Cemaran ayr\u0131ca, baz\u0131 d\u00fc\u015fman sosyal medya sayfalar\u0131n\u0131n Kuneytira Valili\u011fi&#8217;ndeki g\u00fcvenlik ve emniyetle ilgili aktard\u0131\u011f\u0131 yanl\u0131\u015f ve yan\u0131lt\u0131c\u0131 bilgilerin medya sava\u015f\u0131 kapsam\u0131na girdi\u011fine i\u015faret etti.<\/p>\n<p style=\"text-align: justify;\"><img loading=\"lazy\" decoding=\"async\" class=\"size-medium wp-image-310033 alignright\" src=\"http:\/\/sana.sy\/tr\/wp-content\/uploads\/2024\/10\/DSC_3423-copy-2-300x200.jpg\" alt=\"\" width=\"300\" height=\"200\" srcset=\"https:\/\/archive.sana.sy\/tr\/wp-content\/uploads\/2024\/10\/DSC_3423-copy-2-300x200.jpg 300w, https:\/\/archive.sana.sy\/tr\/wp-content\/uploads\/2024\/10\/DSC_3423-copy-2.jpg 660w\" sizes=\"auto, (max-width: 300px) 100vw, 300px\" \/>SANA delegesi Kuneytira Valili\u011fi k\u0131rsal\u0131ndaki baz\u0131 k\u00f6ylerin sakinleriyle bir dizi toplant\u0131 d\u00fczenledi. Vatanda\u015flar hayat\u0131n normal bir \u015fekilde devam etti\u011fini, baz\u0131 sosyal medyada yay\u0131lan yan\u0131lt\u0131c\u0131 haberlerin ger\u00e7e\u011fi yans\u0131tmad\u0131\u011f\u0131n\u0131 vurgulad\u0131.<\/p>\n<p style=\"text-align: justify;\">Bununla ilgili olarak Kudna k\u00f6y\u00fc sakini Muhammad Dahani \u015funlar\u0131 s\u00f6yledi: &#8220;Tamamen normal bir hayat ya\u015f\u0131yoruz. \u0130\u015fe gidiyoruz, \u00e7ocuklar\u0131m\u0131z okula gidiyor ve devlet kurumlar\u0131 her zamanki gibi \u00e7al\u0131\u015f\u0131yor.&#8221;<\/p>\n<p style=\"text-align: justify;\">Muhammad El Fandi ise, i\u015flerin iyi gitti\u011fini ve insanlar\u0131n g\u00fcnl\u00fck hayatlar\u0131n\u0131 normal bir \u015fekilde s\u00fcrd\u00fcrd\u00fcklerini belirtirken, \u2018\u2019baz\u0131 sosyal medyada dola\u015fan haberler tamamen yanl\u0131\u015ft\u0131r\u2019\u2019 ifadelerini kulland\u0131.<\/p>\n<p style=\"text-align: justify;\">El Rafid k\u00f6y\u00fcnden Sufyan El Feni\u015f, Sidon, Muallaka ve Bir Acam da dahil olmak \u00fczere t\u00fcm kom\u015fu k\u00f6ylerin normal bir hayat ya\u015fad\u0131\u011f\u0131n\u0131 ifade ederek,\u00a0 Hamda Farac ise her g\u00fcn Sa&#8217;sa k\u00f6y\u00fcnden El Hamidiyye k\u00f6y\u00fcne geldi\u011fini ve burada ya\u015fam\u0131n tamamen normal oldu\u011funu kaydetti.<\/p>\n<div id='gallery-1' class='gallery galleryid-310030 gallery-columns-5 gallery-size-thumbnail'><figure class='gallery-item'>\n\t\t\t<div class='gallery-icon landscape'>\n\t\t\t\t<a href='https:\/\/archive.sana.sy\/tr\/?attachment_id=310034'><img loading=\"lazy\" decoding=\"async\" width=\"150\" height=\"150\" src=\"https:\/\/archive.sana.sy\/tr\/wp-content\/uploads\/2024\/10\/3-6-150x150.jpg\" class=\"attachment-thumbnail size-thumbnail\" alt=\"\" \/><\/a>\n\t\t\t<\/div><\/figure><figure class='gallery-item'>\n\t\t\t<div class='gallery-icon landscape'>\n\t\t\t\t<a href='https:\/\/archive.sana.sy\/tr\/?attachment_id=310035'><img loading=\"lazy\" decoding=\"async\" width=\"150\" height=\"150\" src=\"https:\/\/archive.sana.sy\/tr\/wp-content\/uploads\/2024\/10\/4-4-150x150.jpg\" class=\"attachment-thumbnail size-thumbnail\" alt=\"\" \/><\/a>\n\t\t\t<\/div><\/figure><figure class='gallery-item'>\n\t\t\t<div class='gallery-icon landscape'>\n\t\t\t\t<a href='https:\/\/archive.sana.sy\/tr\/?attachment_id=310036'><img loading=\"lazy\" decoding=\"async\" width=\"150\" height=\"150\" src=\"https:\/\/archive.sana.sy\/tr\/wp-content\/uploads\/2024\/10\/DSC_3423-copy-2-1-150x150.jpg\" class=\"attachment-thumbnail size-thumbnail\" alt=\"\" \/><\/a>\n\t\t\t<\/div><\/figure><figure class='gallery-item'>\n\t\t\t<div class='gallery-icon landscape'>\n\t\t\t\t<a href='https:\/\/archive.sana.sy\/tr\/?attachment_id=310037'><img loading=\"lazy\" decoding=\"async\" width=\"150\" height=\"150\" src=\"https:\/\/archive.sana.sy\/tr\/wp-content\/uploads\/2024\/10\/1-9-150x150.jpg\" class=\"attachment-thumbnail size-thumbnail\" alt=\"\" \/><\/a>\n\t\t\t<\/div><\/figure><figure class='gallery-item'>\n\t\t\t<div class='gallery-icon landscape'>\n\t\t\t\t<a href='https:\/\/archive.sana.sy\/tr\/?attachment_id=310038'><img loading=\"lazy\" decoding=\"async\" width=\"150\" height=\"150\" src=\"https:\/\/archive.sana.sy\/tr\/wp-content\/uploads\/2024\/10\/5-1-150x150.jpg\" class=\"attachment-thumbnail size-thumbnail\" alt=\"\" \/><\/a>\n\t\t\t<\/div><\/figure>\n\t\t<\/div>\n\n<p style=\"text-align: center;\"><strong><a href=\"https:\/\/t.me\/SuriyeArapHaberAjansI\">Telegram Kanal\u0131m\u0131z\u00a0<\/a>||<a href=\"https:\/\/twitter.com\/arap_ajans\">X Platformumuz\u00a0<\/a>||<a href=\"https:\/\/www.facebook.com\/SANAHaberAjansi\/\">Facebook Sayfam\u0131z<\/a><\/strong><\/p>\n","protected":false},"excerpt":{"rendered":"<p>KUNEYT\u0130RA (SANA) &#8211; Kuneytra Valisi Mutaz Ebu El Nasir Cemran, baz\u0131lar\u0131n\u0131n iddia etti\u011fi gibi \u0130srail i\u015fgal g\u00fc\u00e7lerinin herhangi bir ilerlemesi olmad\u0131\u011f\u0131n\u0131, sosyal medyada \u00e7\u0131kan s\u00f6ylentilerin aksine k\u00f6y sakinlerinin g\u00fcvenli bir \u015fekilde normal hayatlar\u0131n\u0131 s\u00fcrd\u00fcrd\u00fcklerini do\u011frulayarak, bu b\u00f6lgelerde g\u00fcvenlik ve emniyetin bulunmad\u0131\u011f\u0131 y\u00f6n\u00fcndeki s\u00f6ylentilerin yanl\u0131\u015f oldu\u011funa ve medya sava\u015f\u0131 kapsam\u0131na girdi\u011fine dikkat \u00e7ekti. Vali Cemran, SANA&#8217;n\u0131n &hellip;<\/p>\n","protected":false},"author":41,"featured_media":310031,"comment_status":"closed","ping_status":"closed","sticky":false,"template":"","format":"standard","meta":{"footnotes":""},"categories":[589,479,575,17988,478],"tags":[42656,42655,42654,42653,42614],"class_list":["post-310030","post","type-post","status-publish","format-standard","has-post-thumbnail","","category-haber-seridi","category-haberler-yerel","category-olaylar-ve-gercekler","category-son-haberler","category-yerel","tag-israilin-kuneytiraya-girmesi","tag-israilin-sami-isgal-etmesi","tag-israilin-suriyeye-girmesi","tag-kuneytira-valisi-isgal-guclerinin-ilerlemesi-yok-ve-sosyal-medyada-cikan-soylentiler-dogru-degildir","tag-suriye-ve-israil-arasindaki-savas"],"_links":{"self":[{"href":"https:\/\/archive.sana.sy\/tr\/index.php?rest_route=\/wp\/v2\/posts\/310030","targetHints":{"allow":["GET"]}}],"collection":[{"href":"https:\/\/archive.sana.sy\/tr\/index.php?rest_route=\/wp\/v2\/posts"}],"about":[{"href":"https:\/\/archive.sana.sy\/tr\/index.php?rest_route=\/wp\/v2\/types\/post"}],"author":[{"embeddable":true,"href":"https:\/\/archive.sana.sy\/tr\/index.php?rest_route=\/wp\/v2\/users\/41"}],"replies":[{"embeddable":true,"href":"https:\/\/archive.sana.sy\/tr\/index.php?rest_route=%2Fwp%2Fv2%2Fcomments&post=310030"}],"version-history":[{"count":3,"href":"https:\/\/archive.sana.sy\/tr\/index.php?rest_route=\/wp\/v2\/posts\/310030\/revisions"}],"predecessor-version":[{"id":310041,"href":"https:\/\/archive.sana.sy\/tr\/index.php?rest_route=\/wp\/v2\/posts\/310030\/revisions\/310041"}],"wp:featuredmedia":[{"embeddable":true,"href":"https:\/\/archive.sana.sy\/tr\/index.php?rest_route=\/wp\/v2\/media\/310031"}],"wp:attachment":[{"href":"https:\/\/archive.sana.sy\/tr\/index.php?rest_route=%2Fwp%2Fv2%2Fmedia&parent=310030"}],"wp:term":[{"taxonomy":"category","embeddable":true,"href":"https:\/\/archive.sana.sy\/tr\/index.php?rest_route=%2Fwp%2Fv2%2Fcategories&post=310030"},{"taxonomy":"post_tag","embeddable":true,"href":"https:\/\/archive.sana.sy\/tr\/index.php?rest_route=%2Fwp%2Fv2%2Ftags&post=310030"}],"curies":[{"name":"wp","href":"https:\/\/api.w.org\/{rel}","templated":true}]}}