{"id":310069,"date":"2024-10-14T18:06:53","date_gmt":"2024-10-14T15:06:53","guid":{"rendered":"https:\/\/sana.sy\/tr\/?p=310069"},"modified":"2024-10-15T14:36:13","modified_gmt":"2024-10-15T11:36:13","slug":"suriye-uluslararasi-topluma-israil-saldirganligina-son-verilmesi-icin-calisma-cagrisinda-bulundu","status":"publish","type":"post","link":"https:\/\/archive.sana.sy\/tr\/?p=310069","title":{"rendered":"Suriye, Uluslararas\u0131 Topluma \u0130srail Sald\u0131rganl\u0131\u011f\u0131na Son Verilmesi \u0130\u00e7in \u00c7al\u0131\u015fma \u00c7a\u011fr\u0131s\u0131nda Bulundu"},"content":{"rendered":"<p style=\"text-align: justify;\"><strong>V\u0130YANA (SANA)<\/strong> \u00a0Suriye, uluslararas\u0131 kararlar\u0131 ve s\u00f6zle\u015fmeleri a\u00e7\u0131k\u00e7a ihlal eden ve uluslararas\u0131 bar\u0131\u015f ve g\u00fcvenli\u011fi tehdit eden \u0130srail&#8217;in kendi topraklar\u0131na y\u00f6nelik tekrarlanan sald\u0131rganl\u0131\u011f\u0131n\u0131 bir kez daha en g\u00fc\u00e7l\u00fc ifadelerle k\u0131nad\u0131.<\/p>\n<p style=\"text-align: justify;\">Suriye&#8217;nin Birle\u015fmi\u015f Milletler Ofisi ve Viyana&#8217;daki di\u011fer uluslararas\u0131 kurulu\u015flar nezdindeki Daimi Temsilcisi B\u00fcy\u00fckel\u00e7i Hasan Haddur, Birle\u015fmi\u015f Milletler S\u0131n\u0131ra\u015fan \u00d6rg\u00fctl\u00fc Su\u00e7lara Kar\u015f\u0131 S\u00f6zle\u015fme ve Protokollerine Taraf Devletler Konferans\u0131&#8217;n\u0131n on ikinci oturumu \u00f6ncesinde yapt\u0131\u011f\u0131 hitapta \u015funlar\u0131 s\u00f6yledi: &#8220;\u0130srail&#8217;in Filistin halk\u0131na y\u00f6nelik devam eden i\u015fgalini ve sald\u0131rganl\u0131\u011f\u0131n\u0131, Gazze \u015eeridi&#8217;ndeki yasad\u0131\u015f\u0131 ve insanl\u0131k d\u0131\u015f\u0131 ku\u015fatmay\u0131 ve Filistinlilere kar\u015f\u0131 i\u015fledi\u011fi soyk\u0131r\u0131m ve zorla yerinden etme su\u00e7lar\u0131n\u0131 k\u0131n\u0131yoruz.&#8221;<\/p>\n<p style=\"text-align: justify;\">B\u00fcy\u00fckel\u00e7i Haddur ayr\u0131ca, \u201cSuriye Arap Cumhuriyeti ayr\u0131ca \u0130srail&#8217;in L\u00fcbnan&#8217;a y\u00f6nelik, altyap\u0131n\u0131n tahrip olmas\u0131na ve y\u00fcz binlerce masum sivilin yerinden edilmesine veya \u00f6ld\u00fcr\u00fclmesine yol a\u00e7an barbar ve uzun s\u00fcreli sald\u0131rganl\u0131\u011f\u0131n\u0131 k\u0131n\u0131yor ve \u00a0Uluslararas\u0131 topluma, \u0130srail&#8217;in Suriye, Filistin ve L\u00fcbnan&#8217;a y\u00f6nelik sald\u0131rganl\u0131\u011f\u0131na son verilmesi, i\u015fgalin su\u00e7lar\u0131ndan sorumlu tutulmas\u0131 ve cezadan ka\u00e7mamas\u0131n\u0131 sa\u011flamak i\u00e7in \u00e7al\u0131\u015fmaya \u00e7a\u011fr\u0131da bulunuyor\u2019\u2019 dedi.<\/p>\n<p style=\"text-align: justify;\">B\u00fcy\u00fckel\u00e7i Haddur hitab\u0131nda da, Suriye&#8217;nin ulusal ve uluslararas\u0131 politika ve \u00e7\u0131karlar\u0131 \u0131\u015f\u0131\u011f\u0131nda her t\u00fcrl\u00fc organize su\u00e7la m\u00fccadelede yap\u0131c\u0131 i\u015fbirli\u011fine istekli oldu\u011funu ve buna dayanarak ilgili uluslararas\u0131 anla\u015fmalar\u0131n \u00e7o\u011funa taraf oldu\u011funu da vurgulad\u0131.<\/p>\n<p style=\"text-align: justify;\">Suriye&#8217;nin s\u00fcrekli olarak yasalar\u0131n\u0131 geli\u015ftirmek, stratejilerini haz\u0131rlamak ve su\u00e7u azaltmak ve ba\u015fta organize su\u00e7 olmak \u00fczere artan su\u00e7 kal\u0131plar\u0131yla etkili bir \u015fekilde m\u00fccadele etmek i\u00e7in planlar\u0131n\u0131 uygulamaya \u00e7al\u0131\u015ft\u0131\u011f\u0131n\u0131 a\u00e7\u0131klayan Haddur, herhangi bir \u00fclkede su\u00e7un yay\u0131lmas\u0131n\u0131n, hukukun \u00fcst\u00fcnl\u00fc\u011f\u00fcn\u00fcn zay\u0131fl\u0131\u011f\u0131n\u0131n ve k\u00f6t\u00fcle\u015fen \u00e7at\u0131\u015fma ko\u015fullar\u0131n\u0131n, organize su\u00e7la m\u00fccadeleye y\u00f6nelik ulusal ve uluslararas\u0131 \u00e7abalar\u0131 baltalad\u0131\u011f\u0131n\u0131 belirtti.<\/p>\n<p style=\"text-align: justify;\">B\u00fcy\u00fckel\u00e7i hitapta, Suriye&#8217;nin Birle\u015fmi\u015f Milletler Uyu\u015fturucu ve Su\u00e7 Ofisi ile yak\u0131n i\u015fbirli\u011fine b\u00fcy\u00fck \u00f6nem verdi\u011fini ve \u00fcye devletlere destek sa\u011flama konusunda g\u00f6sterdi\u011fi \u00e7abalar\u0131 takdir etti\u011fini a\u00e7\u0131klayarak, buna dayanarak Suriye&#8217;nin ofisin, organize su\u00e7la m\u00fccadeleyle ilgilenen ceza adaleti kurumlar\u0131na lojistik ve maddi destek sa\u011flamas\u0131n\u0131 umdu\u011funu kaydetti.<\/p>\n<p style=\"text-align: center;\"><strong><a href=\"https:\/\/t.me\/SuriyeArapHaberAjansI\">Telegram Kanal\u0131m\u0131z\u00a0<\/a>||<a href=\"https:\/\/twitter.com\/arap_ajans\">X Platformumuz\u00a0<\/a>||<a href=\"https:\/\/www.facebook.com\/SANAHaberAjansi\/\">Facebook Sayfam\u0131z<\/a><\/strong><\/p>\n","protected":false},"excerpt":{"rendered":"<p>V\u0130YANA (SANA) \u00a0Suriye, uluslararas\u0131 kararlar\u0131 ve s\u00f6zle\u015fmeleri a\u00e7\u0131k\u00e7a ihlal eden ve uluslararas\u0131 bar\u0131\u015f ve g\u00fcvenli\u011fi tehdit eden \u0130srail&#8217;in kendi topraklar\u0131na y\u00f6nelik tekrarlanan sald\u0131rganl\u0131\u011f\u0131n\u0131 bir kez daha en g\u00fc\u00e7l\u00fc ifadelerle k\u0131nad\u0131. Suriye&#8217;nin Birle\u015fmi\u015f Milletler Ofisi ve Viyana&#8217;daki di\u011fer uluslararas\u0131 kurulu\u015flar nezdindeki Daimi Temsilcisi B\u00fcy\u00fckel\u00e7i Hasan Haddur, Birle\u015fmi\u015f Milletler S\u0131n\u0131ra\u015fan \u00d6rg\u00fctl\u00fc Su\u00e7lara Kar\u015f\u0131 S\u00f6zle\u015fme ve Protokollerine Taraf &hellip;<\/p>\n","protected":false},"author":41,"featured_media":310070,"comment_status":"closed","ping_status":"closed","sticky":false,"template":"","format":"standard","meta":{"footnotes":""},"categories":[458,459,17988],"tags":[16591,42660],"class_list":["post-310069","post","type-post","status-publish","format-standard","has-post-thumbnail","","category-dunya1","category-haberler-arap-uluslararasi-politika","category-son-haberler","tag-suriye","tag-uluslararasi-topluma-israil-saldirganligina-son-verilmesi-icin-calisma-cagrisinda-bulundu"],"_links":{"self":[{"href":"https:\/\/archive.sana.sy\/tr\/index.php?rest_route=\/wp\/v2\/posts\/310069","targetHints":{"allow":["GET"]}}],"collection":[{"href":"https:\/\/archive.sana.sy\/tr\/index.php?rest_route=\/wp\/v2\/posts"}],"about":[{"href":"https:\/\/archive.sana.sy\/tr\/index.php?rest_route=\/wp\/v2\/types\/post"}],"author":[{"embeddable":true,"href":"https:\/\/archive.sana.sy\/tr\/index.php?rest_route=\/wp\/v2\/users\/41"}],"replies":[{"embeddable":true,"href":"https:\/\/archive.sana.sy\/tr\/index.php?rest_route=%2Fwp%2Fv2%2Fcomments&post=310069"}],"version-history":[{"count":1,"href":"https:\/\/archive.sana.sy\/tr\/index.php?rest_route=\/wp\/v2\/posts\/310069\/revisions"}],"predecessor-version":[{"id":310071,"href":"https:\/\/archive.sana.sy\/tr\/index.php?rest_route=\/wp\/v2\/posts\/310069\/revisions\/310071"}],"wp:featuredmedia":[{"embeddable":true,"href":"https:\/\/archive.sana.sy\/tr\/index.php?rest_route=\/wp\/v2\/media\/310070"}],"wp:attachment":[{"href":"https:\/\/archive.sana.sy\/tr\/index.php?rest_route=%2Fwp%2Fv2%2Fmedia&parent=310069"}],"wp:term":[{"taxonomy":"category","embeddable":true,"href":"https:\/\/archive.sana.sy\/tr\/index.php?rest_route=%2Fwp%2Fv2%2Fcategories&post=310069"},{"taxonomy":"post_tag","embeddable":true,"href":"https:\/\/archive.sana.sy\/tr\/index.php?rest_route=%2Fwp%2Fv2%2Ftags&post=310069"}],"curies":[{"name":"wp","href":"https:\/\/api.w.org\/{rel}","templated":true}]}}