{"id":310072,"date":"2024-10-14T10:20:02","date_gmt":"2024-10-14T07:20:02","guid":{"rendered":"https:\/\/sana.sy\/tr\/?p=310072"},"modified":"2024-10-14T19:39:10","modified_gmt":"2024-10-14T16:39:10","slug":"erakci-vasington-ile-dolayli-gorusmeler-simdilik-yoktur","status":"publish","type":"post","link":"https:\/\/archive.sana.sy\/tr\/?p=310072","title":{"rendered":"Erak\u00e7i: Va\u015fington \u0130le Dolayl\u0131 G\u00f6r\u00fc\u015fmeler \u015eimdilik Yoktur"},"content":{"rendered":"<p style=\"text-align: justify;\"><strong>TAHRAN (SANA)<\/strong> &#8211; \u00a0\u0130ran D\u0131\u015fi\u015fleri Bakan\u0131 Abbas Erak\u00e7i, bug\u00fcn yapt\u0131\u011f\u0131 a\u00e7\u0131klamada, Umman&#8217;\u0131n arabuluculu\u011funda Tahran ile Va\u015fington \u00a0aras\u0131nda y\u00fcr\u00fct\u00fclen dolayl\u0131 g\u00f6r\u00fc\u015fmelerin, b\u00f6lgesel gerginlikler \u0131\u015f\u0131\u011f\u0131nda kendileri i\u00e7in uygun &#8220;zemin&#8221; bulunmamas\u0131 nedeniyle \u015fimdilik durduruldu\u011funu a\u00e7\u0131klad\u0131.<\/p>\n<p style=\"text-align: justify;\">\u0130ran haber ajans\u0131 IRNA, Araghchi&#8217;nin Muscat&#8217;ta yapt\u0131\u011f\u0131 a\u00e7\u0131klamalarda, \u2018\u2019B\u00f6lgenin \u015fartlar\u0131 nedeniyle bu yol art\u0131k durduruldu\u201d diyerek, &#8220;\u015eu anda mevcut krizi a\u015f\u0131ncaya kadar bu tart\u0131\u015fmalar\u0131n bir dayana\u011f\u0131n\u0131 g\u00f6rm\u00fcyoruz. Daha sonra \u00e7al\u0131\u015fmaya devam edip etmeyece\u011fimize ve nas\u0131l devam edece\u011fimize karar verece\u011fiz&#8221; ifadelerini kulland\u0131.<\/p>\n<p style=\"text-align: justify;\">Amerika, Avrupa \u00fclkeleri ve b\u00f6lge \u00fclkelerinin Tahran&#8217;\u0131n pozisyonunun ne oldu\u011funu bilmesi gerekti\u011fini a\u00e7\u0131klayan Erak\u00e7i, \u0130ran&#8217;\u0131n sava\u015f istemedi\u011fi ancak her t\u00fcrl\u00fc senaryoya tamamen haz\u0131r oldu\u011funun defalarca vurguland\u0131\u011f\u0131, diplomasinin ba\u015far\u0131l\u0131 olmas\u0131 ve bunun olmas\u0131n\u0131 engellemesi gerekti\u011fi dikkate al\u0131narak \u0130ran&#8217;\u0131n pozisyonlar\u0131n\u0131n tamamen a\u00e7\u0131k oldu\u011funa dikkat \u00e7ekti.<\/p>\n<p style=\"text-align: center;\"><strong><a href=\"https:\/\/t.me\/SuriyeArapHaberAjansI\">Telegram Kanal\u0131m\u0131z\u00a0<\/a>||<a href=\"https:\/\/twitter.com\/arap_ajans\">X Platformumuz\u00a0<\/a>||<a href=\"https:\/\/www.facebook.com\/SANAHaberAjansi\/\">Facebook Sayfam\u0131z<\/a><\/strong><\/p>\n","protected":false},"excerpt":{"rendered":"<p>TAHRAN (SANA) &#8211; \u00a0\u0130ran D\u0131\u015fi\u015fleri Bakan\u0131 Abbas Erak\u00e7i, bug\u00fcn yapt\u0131\u011f\u0131 a\u00e7\u0131klamada, Umman&#8217;\u0131n arabuluculu\u011funda Tahran ile Va\u015fington \u00a0aras\u0131nda y\u00fcr\u00fct\u00fclen dolayl\u0131 g\u00f6r\u00fc\u015fmelerin, b\u00f6lgesel gerginlikler \u0131\u015f\u0131\u011f\u0131nda kendileri i\u00e7in uygun &#8220;zemin&#8221; bulunmamas\u0131 nedeniyle \u015fimdilik durduruldu\u011funu a\u00e7\u0131klad\u0131. \u0130ran haber ajans\u0131 IRNA, Araghchi&#8217;nin Muscat&#8217;ta yapt\u0131\u011f\u0131 a\u00e7\u0131klamalarda, \u2018\u2019B\u00f6lgenin \u015fartlar\u0131 nedeniyle bu yol art\u0131k durduruldu\u201d diyerek, &#8220;\u015eu anda mevcut krizi a\u015f\u0131ncaya kadar bu &hellip;<\/p>\n","protected":false},"author":41,"featured_media":310074,"comment_status":"closed","ping_status":"closed","sticky":false,"template":"","format":"standard","meta":{"footnotes":""},"categories":[458,589,459,17988],"tags":[42661,42662],"class_list":["post-310072","post","type-post","status-publish","format-standard","has-post-thumbnail","","category-dunya1","category-haber-seridi","category-haberler-arap-uluslararasi-politika","category-son-haberler","tag-erakci-vasington-ile-dolayli-gorusmeler-simdilik-yoktur","tag-iran-ile-abd-arasindaki-savas"],"_links":{"self":[{"href":"https:\/\/archive.sana.sy\/tr\/index.php?rest_route=\/wp\/v2\/posts\/310072","targetHints":{"allow":["GET"]}}],"collection":[{"href":"https:\/\/archive.sana.sy\/tr\/index.php?rest_route=\/wp\/v2\/posts"}],"about":[{"href":"https:\/\/archive.sana.sy\/tr\/index.php?rest_route=\/wp\/v2\/types\/post"}],"author":[{"embeddable":true,"href":"https:\/\/archive.sana.sy\/tr\/index.php?rest_route=\/wp\/v2\/users\/41"}],"replies":[{"embeddable":true,"href":"https:\/\/archive.sana.sy\/tr\/index.php?rest_route=%2Fwp%2Fv2%2Fcomments&post=310072"}],"version-history":[{"count":1,"href":"https:\/\/archive.sana.sy\/tr\/index.php?rest_route=\/wp\/v2\/posts\/310072\/revisions"}],"predecessor-version":[{"id":310073,"href":"https:\/\/archive.sana.sy\/tr\/index.php?rest_route=\/wp\/v2\/posts\/310072\/revisions\/310073"}],"wp:featuredmedia":[{"embeddable":true,"href":"https:\/\/archive.sana.sy\/tr\/index.php?rest_route=\/wp\/v2\/media\/310074"}],"wp:attachment":[{"href":"https:\/\/archive.sana.sy\/tr\/index.php?rest_route=%2Fwp%2Fv2%2Fmedia&parent=310072"}],"wp:term":[{"taxonomy":"category","embeddable":true,"href":"https:\/\/archive.sana.sy\/tr\/index.php?rest_route=%2Fwp%2Fv2%2Fcategories&post=310072"},{"taxonomy":"post_tag","embeddable":true,"href":"https:\/\/archive.sana.sy\/tr\/index.php?rest_route=%2Fwp%2Fv2%2Ftags&post=310072"}],"curies":[{"name":"wp","href":"https:\/\/api.w.org\/{rel}","templated":true}]}}