{"id":310076,"date":"2024-10-14T19:45:16","date_gmt":"2024-10-14T16:45:16","guid":{"rendered":"https:\/\/sana.sy\/tr\/?p=310076"},"modified":"2024-10-14T19:45:16","modified_gmt":"2024-10-14T16:45:16","slug":"lubnan-saglik-bakanligi-israil-saldirganliginin-baslangicindan-bu-yana-2-309-sehit-ve-10-782-yarali","status":"publish","type":"post","link":"https:\/\/archive.sana.sy\/tr\/?p=310076","title":{"rendered":"L\u00fcbnan Sa\u011fl\u0131k Bakanl\u0131\u011f\u0131: \u0130srail Sald\u0131rganl\u0131\u011f\u0131n\u0131n Ba\u015flang\u0131c\u0131ndan Bu Yana 2.309 \u015eehit Ve 10.782 Yaral\u0131"},"content":{"rendered":"<p style=\"text-align: justify;\"><strong>BEYRUT (SANA) &#8211;<\/strong>\u00a0 L\u00fcbnan Halk Sa\u011fl\u0131\u011f\u0131 Bakanl\u0131\u011f\u0131, \u0130srail&#8217;in L\u00fcbnan&#8217;a y\u00f6nelik sald\u0131rganl\u0131klar\u0131nda, sald\u0131rganl\u0131\u011f\u0131n\u0131n ba\u015flang\u0131c\u0131ndan bu yana toplam kurban say\u0131s\u0131n\u0131n 2 bin 309 \u015fehit ve 10 bin 782 yaral\u0131 oldu\u011funu a\u00e7\u0131klad\u0131.<\/p>\n<p style=\"text-align: justify;\">L\u00fcbnan Ulusal Haber Ajans\u0131, L\u00fcbnan&#8217;\u0131n ge\u00e7ici h\u00fck\u00fcmetindeki Halk Sa\u011fl\u0131\u011f\u0131 Bakanl\u0131\u011f\u0131 Halk Sa\u011fl\u0131\u011f\u0131 Acil Durum Operasyon Merkezi&#8217;nin bug\u00fcn yapt\u0131\u011f\u0131 a\u00e7\u0131klamada \u015funlar\u0131 s\u00f6yledi\u011fini aktard\u0131: \u201c\u0130srail d\u00fc\u015fman\u0131n\u0131n d\u00fcn L\u00fcbnan b\u00f6lgelerine y\u00f6nelik sald\u0131r\u0131lar\u0131nda \u015fehit ma\u011fdurlar\u0131n say\u0131s\u0131 3 \u015fehit ve 84 yaral\u0131ya ula\u015ft\u0131. B\u00f6ylece sald\u0131rganl\u0131\u011f\u0131n ba\u015flang\u0131c\u0131ndan bu yana toplam ma\u011fdurlar\u0131n say\u0131s\u0131 2 bin 309 \u015fehit ve 10 bin 782 yaral\u0131ya ula\u015ft\u0131.&#8221;<\/p>\n<p style=\"text-align: justify;\">L\u00fcbnan&#8217;\u0131n kuzeyindeki Za\u011farta il\u00e7esine ba\u011fl\u0131 Ayto kasabas\u0131nda \u0130srail d\u00fc\u015fman u\u00e7aklar\u0131 taraf\u0131ndan bug\u00fcn erken saatlerde ger\u00e7ekle\u015ftirilen katliam sonucu 18 ki\u015fi \u015fehit d\u00fc\u015ft\u00fc, 4 ki\u015fi de yaraland\u0131.<\/p>\n<p style=\"text-align: center;\"><strong><a href=\"https:\/\/t.me\/SuriyeArapHaberAjansI\">Telegram Kanal\u0131m\u0131z\u00a0<\/a>||<a href=\"https:\/\/twitter.com\/arap_ajans\">X Platformumuz\u00a0<\/a>||<a href=\"https:\/\/www.facebook.com\/SANAHaberAjansi\/\">Facebook Sayfam\u0131z<\/a><\/strong><\/p>\n","protected":false},"excerpt":{"rendered":"<p>BEYRUT (SANA) &#8211;\u00a0 L\u00fcbnan Halk Sa\u011fl\u0131\u011f\u0131 Bakanl\u0131\u011f\u0131, \u0130srail&#8217;in L\u00fcbnan&#8217;a y\u00f6nelik sald\u0131rganl\u0131klar\u0131nda, sald\u0131rganl\u0131\u011f\u0131n\u0131n ba\u015flang\u0131c\u0131ndan bu yana toplam kurban say\u0131s\u0131n\u0131n 2 bin 309 \u015fehit ve 10 bin 782 yaral\u0131 oldu\u011funu a\u00e7\u0131klad\u0131. L\u00fcbnan Ulusal Haber Ajans\u0131, L\u00fcbnan&#8217;\u0131n ge\u00e7ici h\u00fck\u00fcmetindeki Halk Sa\u011fl\u0131\u011f\u0131 Bakanl\u0131\u011f\u0131 Halk Sa\u011fl\u0131\u011f\u0131 Acil Durum Operasyon Merkezi&#8217;nin bug\u00fcn yapt\u0131\u011f\u0131 a\u00e7\u0131klamada \u015funlar\u0131 s\u00f6yledi\u011fini aktard\u0131: \u201c\u0130srail d\u00fc\u015fman\u0131n\u0131n d\u00fcn L\u00fcbnan &hellip;<\/p>\n","protected":false},"author":41,"featured_media":310077,"comment_status":"closed","ping_status":"closed","sticky":false,"template":"","format":"standard","meta":{"footnotes":""},"categories":[458,589,459,17988],"tags":[42663],"class_list":["post-310076","post","type-post","status-publish","format-standard","has-post-thumbnail","","category-dunya1","category-haber-seridi","category-haberler-arap-uluslararasi-politika","category-son-haberler","tag-lubnan-saglik-bakanligi-israil-saldirganliginin-baslangicindan-bu-yana-2-309-sehit-ve-10-782-yarali"],"_links":{"self":[{"href":"https:\/\/archive.sana.sy\/tr\/index.php?rest_route=\/wp\/v2\/posts\/310076","targetHints":{"allow":["GET"]}}],"collection":[{"href":"https:\/\/archive.sana.sy\/tr\/index.php?rest_route=\/wp\/v2\/posts"}],"about":[{"href":"https:\/\/archive.sana.sy\/tr\/index.php?rest_route=\/wp\/v2\/types\/post"}],"author":[{"embeddable":true,"href":"https:\/\/archive.sana.sy\/tr\/index.php?rest_route=\/wp\/v2\/users\/41"}],"replies":[{"embeddable":true,"href":"https:\/\/archive.sana.sy\/tr\/index.php?rest_route=%2Fwp%2Fv2%2Fcomments&post=310076"}],"version-history":[{"count":1,"href":"https:\/\/archive.sana.sy\/tr\/index.php?rest_route=\/wp\/v2\/posts\/310076\/revisions"}],"predecessor-version":[{"id":310078,"href":"https:\/\/archive.sana.sy\/tr\/index.php?rest_route=\/wp\/v2\/posts\/310076\/revisions\/310078"}],"wp:featuredmedia":[{"embeddable":true,"href":"https:\/\/archive.sana.sy\/tr\/index.php?rest_route=\/wp\/v2\/media\/310077"}],"wp:attachment":[{"href":"https:\/\/archive.sana.sy\/tr\/index.php?rest_route=%2Fwp%2Fv2%2Fmedia&parent=310076"}],"wp:term":[{"taxonomy":"category","embeddable":true,"href":"https:\/\/archive.sana.sy\/tr\/index.php?rest_route=%2Fwp%2Fv2%2Fcategories&post=310076"},{"taxonomy":"post_tag","embeddable":true,"href":"https:\/\/archive.sana.sy\/tr\/index.php?rest_route=%2Fwp%2Fv2%2Ftags&post=310076"}],"curies":[{"name":"wp","href":"https:\/\/api.w.org\/{rel}","templated":true}]}}