{"id":310079,"date":"2024-10-15T10:16:39","date_gmt":"2024-10-15T07:16:39","guid":{"rendered":"https:\/\/sana.sy\/tr\/?p=310079"},"modified":"2024-10-27T10:07:09","modified_gmt":"2024-10-27T07:07:09","slug":"isgalci-israilin-gazze-seridindeki-bircok-bolgeyi-bombalamasi-sonucu-28-sehit","status":"publish","type":"post","link":"https:\/\/archive.sana.sy\/tr\/?p=310079","title":{"rendered":"\u0130\u015fgalci \u0130srail&#8217;in Gazze \u015eeridi&#8217;ndeki Bir\u00e7ok B\u00f6lgeyi Bombalamas\u0131 Sonucu 28 \u015eehit"},"content":{"rendered":"<p style=\"text-align: justify;\">\u0130\u015eGAL ED\u0130LEN KUD\u00dcS (SANA) \u2013 \u0130\u015fgalci \u0130srail&#8217;in felakete u\u011fram\u0131\u015f Gazze \u015eeridi&#8217;ne y\u00f6nelik 375&#8217;inci g\u00fcn\u00fcnde s\u00fcrd\u00fcrd\u00fc\u011f\u00fc i\u015fgal sald\u0131rganl\u0131klar\u0131 sonucunda bug\u00fcn sabah saatlerinde 28 Filistinli \u015fehit d\u00fc\u015ft\u00fc, \u00e7ok say\u0131da ki\u015fi de yaraland\u0131.<\/p>\n<p style=\"text-align: justify;\">Filistinli WAFA Haber Ajans\u0131, i\u015fgal u\u00e7aklar\u0131n\u0131n Gazze \u015eeridi&#8217;nin g\u00fcneyindeki Han Yunus&#8217;un El Fahuri kasabas\u0131 ve Bani S\u00fcheyle b\u00f6lgesindeki iki evi bombalamas\u0131 sonucu 17 Filistinlinin \u015fehit d\u00fc\u015ft\u00fc\u011f\u00fcn\u00fc, \u00e7ok say\u0131da ki\u015finin de yaraland\u0131\u011f\u0131n\u0131 belirtirken, Gazze \u015eeridi&#8217;nin merkezindeki Nuseyrat kamp\u0131n\u0131n bat\u0131s\u0131nda bir evi i\u015fgalci bombard\u0131man\u0131 sonucu 5 Filistinlinin de \u015fehit d\u00fc\u015ft\u00fc\u011f\u00fcne, \u00e7ok say\u0131da ki\u015finin de yaraland\u0131\u011f\u0131na i\u015faret etti.<\/p>\n<p style=\"text-align: justify;\">\u0130srail \u0130\u015fgal g\u00fc\u00e7lerinin, Gazze \u015fehrinin g\u00fcneydo\u011fusundaki Zeytun mahallesindeki Selah\u00fcddin Camii civar\u0131ndaki bir evi bombalanmas\u0131 sonucu 3 Filistinli \u015fehit d\u00fc\u015ft\u00fc, \u00e7ok say\u0131da Filistinli de yaraland\u0131.<\/p>\n<p style=\"text-align: justify;\">D\u00fc\u015fman \u0130srail&#8217;in Gazze \u015eeridi&#8217;nin kuzeyindeki Cebeliye kamp\u0131nda bir grup Filistinliyi bombalamas\u0131 sonucu 3 ki\u015fi daha \u015fehit d\u00fc\u015ft\u00fc.<\/p>\n<p style=\"text-align: center;\"><strong><a href=\"https:\/\/t.me\/SuriyeArapHaberAjansI\">Telegram Kanal\u0131m\u0131z\u00a0<\/a>||<a href=\"https:\/\/twitter.com\/arap_ajans\">X Platformumuz\u00a0<\/a>||<a href=\"https:\/\/www.facebook.com\/SANAHaberAjansi\/\">Facebook Sayfam\u0131z<\/a><\/strong><\/p>\n","protected":false},"excerpt":{"rendered":"<p>\u0130\u015eGAL ED\u0130LEN KUD\u00dcS (SANA) \u2013 \u0130\u015fgalci \u0130srail&#8217;in felakete u\u011fram\u0131\u015f Gazze \u015eeridi&#8217;ne y\u00f6nelik 375&#8217;inci g\u00fcn\u00fcnde s\u00fcrd\u00fcrd\u00fc\u011f\u00fc i\u015fgal sald\u0131rganl\u0131klar\u0131 sonucunda bug\u00fcn sabah saatlerinde 28 Filistinli \u015fehit d\u00fc\u015ft\u00fc, \u00e7ok say\u0131da ki\u015fi de yaraland\u0131. Filistinli WAFA Haber Ajans\u0131, i\u015fgal u\u00e7aklar\u0131n\u0131n Gazze \u015eeridi&#8217;nin g\u00fcneyindeki Han Yunus&#8217;un El Fahuri kasabas\u0131 ve Bani S\u00fcheyle b\u00f6lgesindeki iki evi bombalamas\u0131 sonucu 17 Filistinlinin \u015fehit &hellip;<\/p>\n","protected":false},"author":39,"featured_media":310080,"comment_status":"closed","ping_status":"closed","sticky":false,"template":"","format":"standard","meta":{"footnotes":""},"categories":[458,589,459,17988],"tags":[],"class_list":["post-310079","post","type-post","status-publish","format-standard","has-post-thumbnail","","category-dunya1","category-haber-seridi","category-haberler-arap-uluslararasi-politika","category-son-haberler"],"_links":{"self":[{"href":"https:\/\/archive.sana.sy\/tr\/index.php?rest_route=\/wp\/v2\/posts\/310079","targetHints":{"allow":["GET"]}}],"collection":[{"href":"https:\/\/archive.sana.sy\/tr\/index.php?rest_route=\/wp\/v2\/posts"}],"about":[{"href":"https:\/\/archive.sana.sy\/tr\/index.php?rest_route=\/wp\/v2\/types\/post"}],"author":[{"embeddable":true,"href":"https:\/\/archive.sana.sy\/tr\/index.php?rest_route=\/wp\/v2\/users\/39"}],"replies":[{"embeddable":true,"href":"https:\/\/archive.sana.sy\/tr\/index.php?rest_route=%2Fwp%2Fv2%2Fcomments&post=310079"}],"version-history":[{"count":3,"href":"https:\/\/archive.sana.sy\/tr\/index.php?rest_route=\/wp\/v2\/posts\/310079\/revisions"}],"predecessor-version":[{"id":310621,"href":"https:\/\/archive.sana.sy\/tr\/index.php?rest_route=\/wp\/v2\/posts\/310079\/revisions\/310621"}],"wp:featuredmedia":[{"embeddable":true,"href":"https:\/\/archive.sana.sy\/tr\/index.php?rest_route=\/wp\/v2\/media\/310080"}],"wp:attachment":[{"href":"https:\/\/archive.sana.sy\/tr\/index.php?rest_route=%2Fwp%2Fv2%2Fmedia&parent=310079"}],"wp:term":[{"taxonomy":"category","embeddable":true,"href":"https:\/\/archive.sana.sy\/tr\/index.php?rest_route=%2Fwp%2Fv2%2Fcategories&post=310079"},{"taxonomy":"post_tag","embeddable":true,"href":"https:\/\/archive.sana.sy\/tr\/index.php?rest_route=%2Fwp%2Fv2%2Ftags&post=310079"}],"curies":[{"name":"wp","href":"https:\/\/api.w.org\/{rel}","templated":true}]}}