{"id":310082,"date":"2024-10-15T04:09:20","date_gmt":"2024-10-15T01:09:20","guid":{"rendered":"https:\/\/sana.sy\/tr\/?p=310082"},"modified":"2024-10-15T18:08:39","modified_gmt":"2024-10-15T15:08:39","slug":"lubnan-direnisi-bircok-noktada-dusman-israili-hedef-aldi-ve-guclerinin-ilerleme-girisimlerini-puskurttu","status":"publish","type":"post","link":"https:\/\/archive.sana.sy\/tr\/?p=310082","title":{"rendered":"L\u00fcbnan Direni\u015fi Bir\u00e7ok Noktada D\u00fc\u015fman \u0130srail&#8217;i Hedef Ald\u0131 Ve G\u00fc\u00e7lerinin \u0130lerleme Giri\u015fimlerini P\u00fcsk\u00fcrtt\u00fc"},"content":{"rendered":"<p style=\"text-align: justify;\"><strong>BEYRUT (SANA)<\/strong> \u2013 L\u00fcbnan direni\u015fi bug\u00fcn, d\u00fc\u015fman \u0130srail&#8217;a ait baz\u0131 b\u00f6lgeleri f\u00fcze silahlar\u0131yla hedef ald\u0131 ve ayn\u0131 zamanda g\u00fc\u00e7lerinin L\u00fcbnan-Filistin s\u0131n\u0131r\u0131na ilerleme giri\u015fimlerini de p\u00fcsk\u00fcrtt\u00fc.<\/p>\n<p style=\"text-align: justify;\">L\u00fcbnan Direni\u015fi, yapt\u0131\u011f\u0131 a\u00e7\u0131klamada, &#8220;Gazze \u015eeridi&#8217;ndeki kararl\u0131 Filistin halk\u0131m\u0131za, onlar\u0131n cesur ve onurlu direni\u015fine destek ve L\u00fcbnan&#8217;\u0131 ve halk\u0131n\u0131 savunma olarak, bu sabah direni\u015f sava\u015f\u00e7\u0131lar\u0131, \u0130srail i\u015fgal g\u00fc\u00e7lerinin El Marc b\u00f6lgesi civar\u0131ndaki hareketini f\u00fczeyle hedef ald\u0131&#8221; dedi.<\/p>\n<p style=\"text-align: justify;\">Direni\u015f ayr\u0131ca ayr\u0131 bir a\u00e7\u0131klamada, \u0130srailli d\u00fc\u015fman piyade kuvvetinin bu sabah g\u00fcneydeki Rab Selesin kasabas\u0131n\u0131n eteklerine do\u011fu taraf\u0131ndan s\u0131zma giri\u015fimi s\u0131ras\u0131nda direni\u015f sava\u015f\u00e7\u0131lar\u0131n\u0131n makineli t\u00fcfekler ve roketlerle \u015fiddetli \u00e7at\u0131\u015fmalara girdi\u011fini, ilerlemesini engelledi\u011fini ilan ederek, L\u00fcbnan Direni\u015finin, \u0130srail d\u00fc\u015fman kuvvetleriyle Hunin Vadisi&#8217;ne s\u0131zmaya \u00e7al\u0131\u015fan de \u00e7at\u0131\u015ft\u0131\u011f\u0131n\u0131 belirtti.<\/p>\n<p style=\"text-align: justify;\">Direni\u015f di\u011fer a\u00e7\u0131klamalarda sava\u015f\u00e7\u0131lar\u0131n\u0131n Kiryat \u015emona yerle\u015fimini f\u00fczelerle hedef ald\u0131\u011f\u0131n\u0131 duyururken, El Marc b\u00f6lgesinde ve i\u015fgal edilen L\u00fcbnan&#8217;\u0131n \u015eeba \u00c7iftlikleri&#8217;ndeki El Sadana ve Birkat El Nakar b\u00f6lgelerinde toplanan d\u00fc\u015fman g\u00fc\u00e7lerini f\u00fczelerle hedef ald\u0131\u011f\u0131n\u0131 kaydetti.<\/p>\n<p style=\"text-align: justify;\">Direni\u015f sava\u015f\u00e7\u0131lar\u0131, Hallet Verde&#8217;de, ikinci kez El Marc b\u00f6lgesinde ve El Ba\u011fdadi b\u00f6lgesinde toplanan d\u00fc\u015fman g\u00fc\u00e7lerini da f\u00fczeyle hedef ald\u0131.<\/p>\n<p style=\"text-align: center;\"><strong><a href=\"https:\/\/t.me\/SuriyeArapHaberAjansI\">Telegram Kanal\u0131m\u0131z\u00a0<\/a>||<a href=\"https:\/\/twitter.com\/arap_ajans\">X Platformumuz\u00a0<\/a>||<a href=\"https:\/\/www.facebook.com\/SANAHaberAjansi\/\">Facebook Sayfam\u0131z<\/a><\/strong><\/p>\n","protected":false},"excerpt":{"rendered":"<p>BEYRUT (SANA) \u2013 L\u00fcbnan direni\u015fi bug\u00fcn, d\u00fc\u015fman \u0130srail&#8217;a ait baz\u0131 b\u00f6lgeleri f\u00fcze silahlar\u0131yla hedef ald\u0131 ve ayn\u0131 zamanda g\u00fc\u00e7lerinin L\u00fcbnan-Filistin s\u0131n\u0131r\u0131na ilerleme giri\u015fimlerini de p\u00fcsk\u00fcrtt\u00fc. L\u00fcbnan Direni\u015fi, yapt\u0131\u011f\u0131 a\u00e7\u0131klamada, &#8220;Gazze \u015eeridi&#8217;ndeki kararl\u0131 Filistin halk\u0131m\u0131za, onlar\u0131n cesur ve onurlu direni\u015fine destek ve L\u00fcbnan&#8217;\u0131 ve halk\u0131n\u0131 savunma olarak, bu sabah direni\u015f sava\u015f\u00e7\u0131lar\u0131, \u0130srail i\u015fgal g\u00fc\u00e7lerinin El Marc &hellip;<\/p>\n","protected":false},"author":39,"featured_media":310083,"comment_status":"closed","ping_status":"closed","sticky":false,"template":"","format":"standard","meta":{"footnotes":""},"categories":[458,589,459,17988],"tags":[42670],"class_list":["post-310082","post","type-post","status-publish","format-standard","has-post-thumbnail","","category-dunya1","category-haber-seridi","category-haberler-arap-uluslararasi-politika","category-son-haberler","tag-lubnan-direnisi-bircok-noktada-dusman-israili-hedef-aldi-ve-guclerinin-ilerleme-girisimlerini-puskurttu"],"_links":{"self":[{"href":"https:\/\/archive.sana.sy\/tr\/index.php?rest_route=\/wp\/v2\/posts\/310082","targetHints":{"allow":["GET"]}}],"collection":[{"href":"https:\/\/archive.sana.sy\/tr\/index.php?rest_route=\/wp\/v2\/posts"}],"about":[{"href":"https:\/\/archive.sana.sy\/tr\/index.php?rest_route=\/wp\/v2\/types\/post"}],"author":[{"embeddable":true,"href":"https:\/\/archive.sana.sy\/tr\/index.php?rest_route=\/wp\/v2\/users\/39"}],"replies":[{"embeddable":true,"href":"https:\/\/archive.sana.sy\/tr\/index.php?rest_route=%2Fwp%2Fv2%2Fcomments&post=310082"}],"version-history":[{"count":3,"href":"https:\/\/archive.sana.sy\/tr\/index.php?rest_route=\/wp\/v2\/posts\/310082\/revisions"}],"predecessor-version":[{"id":310117,"href":"https:\/\/archive.sana.sy\/tr\/index.php?rest_route=\/wp\/v2\/posts\/310082\/revisions\/310117"}],"wp:featuredmedia":[{"embeddable":true,"href":"https:\/\/archive.sana.sy\/tr\/index.php?rest_route=\/wp\/v2\/media\/310083"}],"wp:attachment":[{"href":"https:\/\/archive.sana.sy\/tr\/index.php?rest_route=%2Fwp%2Fv2%2Fmedia&parent=310082"}],"wp:term":[{"taxonomy":"category","embeddable":true,"href":"https:\/\/archive.sana.sy\/tr\/index.php?rest_route=%2Fwp%2Fv2%2Fcategories&post=310082"},{"taxonomy":"post_tag","embeddable":true,"href":"https:\/\/archive.sana.sy\/tr\/index.php?rest_route=%2Fwp%2Fv2%2Ftags&post=310082"}],"curies":[{"name":"wp","href":"https:\/\/api.w.org\/{rel}","templated":true}]}}