{"id":310087,"date":"2024-10-15T13:53:08","date_gmt":"2024-10-15T10:53:08","guid":{"rendered":"https:\/\/sana.sy\/tr\/?p=310087"},"modified":"2024-10-15T18:05:49","modified_gmt":"2024-10-15T15:05:49","slug":"asdoddaki-filistin-direnis-operasyonunda-bir-isgal-subayi-olduruldu-ve-5-kisi-yaralandi","status":"publish","type":"post","link":"https:\/\/archive.sana.sy\/tr\/?p=310087","title":{"rendered":"A\u015fdod&#8217;daki Filistin Direni\u015f Operasyonunda Bir \u0130\u015fgal Subay\u0131 \u00d6ld\u00fcr\u00fcld\u00fc Ve 5 Ki\u015fi Yaraland\u0131"},"content":{"rendered":"<p style=\"text-align: justify;\"><strong>\u0130\u015eGAL D\u0130LEN KUD\u00dcS (SANA)<\/strong> \u2013 Filistinli bir direni\u015f\u00e7inin bug\u00fcn A\u015fdod kentinde ger\u00e7ekle\u015ftirdi\u011fi kahramanca operasyonda \u0130srail i\u015fgal g\u00fc\u00e7lerinden bir subay \u00f6ld\u00fcr\u00fcld\u00fc, 5 ki\u015fi de yaraland\u0131.<\/p>\n<p style=\"text-align: justify;\">Filistinli medyas\u0131, Filistinlinin \u015fehrin do\u011fusunda \u0130srail i\u015fgal g\u00fcc\u00fcne ate\u015f a\u00e7arak bir subay\u0131 \u00f6ld\u00fcrd\u00fc\u011f\u00fcn\u00fc, 5 ki\u015fiyi de yaralad\u0131\u011f\u0131n\u0131, ard\u0131ndan i\u015fgal kur\u015funlar\u0131yla \u015fehit d\u00fc\u015ft\u00fc\u011f\u00fcn\u00fc bildirdi.<\/p>\n<p style=\"text-align: justify;\">Filistin\u2019deki direni\u015f komiteleri ise, operasyonun i\u015fgalci \u0130srail&#8217;in s\u00fcregelen su\u00e7lar\u0131na yan\u0131t olarak yap\u0131ld\u0131\u011f\u0131n\u0131 ve direni\u015fin Siyonist varl\u0131\u011f\u0131n derinliklerini hedef alma konusunda b\u00fcy\u00fck bir yetene\u011fe sahip oldu\u011funun bir teyidi oldu\u011funu vurgulad\u0131.<\/p>\n<p style=\"text-align: center;\"><strong><a href=\"https:\/\/t.me\/SuriyeArapHaberAjansI\">Telegram Kanal\u0131m\u0131z\u00a0<\/a>||<a href=\"https:\/\/twitter.com\/arap_ajans\">X Platformumuz\u00a0<\/a>||<a href=\"https:\/\/www.facebook.com\/SANAHaberAjansi\/\">Facebook Sayfam\u0131z<\/a><\/strong><\/p>\n","protected":false},"excerpt":{"rendered":"<p>\u0130\u015eGAL D\u0130LEN KUD\u00dcS (SANA) \u2013 Filistinli bir direni\u015f\u00e7inin bug\u00fcn A\u015fdod kentinde ger\u00e7ekle\u015ftirdi\u011fi kahramanca operasyonda \u0130srail i\u015fgal g\u00fc\u00e7lerinden bir subay \u00f6ld\u00fcr\u00fcld\u00fc, 5 ki\u015fi de yaraland\u0131. Filistinli medyas\u0131, Filistinlinin \u015fehrin do\u011fusunda \u0130srail i\u015fgal g\u00fcc\u00fcne ate\u015f a\u00e7arak bir subay\u0131 \u00f6ld\u00fcrd\u00fc\u011f\u00fcn\u00fc, 5 ki\u015fiyi de yaralad\u0131\u011f\u0131n\u0131, ard\u0131ndan i\u015fgal kur\u015funlar\u0131yla \u015fehit d\u00fc\u015ft\u00fc\u011f\u00fcn\u00fc bildirdi. Filistin\u2019deki direni\u015f komiteleri ise, operasyonun i\u015fgalci \u0130srail&#8217;in s\u00fcregelen &hellip;<\/p>\n","protected":false},"author":39,"featured_media":310089,"comment_status":"closed","ping_status":"closed","sticky":false,"template":"","format":"standard","meta":{"footnotes":""},"categories":[458,589,459,17988],"tags":[],"class_list":["post-310087","post","type-post","status-publish","format-standard","has-post-thumbnail","","category-dunya1","category-haber-seridi","category-haberler-arap-uluslararasi-politika","category-son-haberler"],"_links":{"self":[{"href":"https:\/\/archive.sana.sy\/tr\/index.php?rest_route=\/wp\/v2\/posts\/310087","targetHints":{"allow":["GET"]}}],"collection":[{"href":"https:\/\/archive.sana.sy\/tr\/index.php?rest_route=\/wp\/v2\/posts"}],"about":[{"href":"https:\/\/archive.sana.sy\/tr\/index.php?rest_route=\/wp\/v2\/types\/post"}],"author":[{"embeddable":true,"href":"https:\/\/archive.sana.sy\/tr\/index.php?rest_route=\/wp\/v2\/users\/39"}],"replies":[{"embeddable":true,"href":"https:\/\/archive.sana.sy\/tr\/index.php?rest_route=%2Fwp%2Fv2%2Fcomments&post=310087"}],"version-history":[{"count":3,"href":"https:\/\/archive.sana.sy\/tr\/index.php?rest_route=\/wp\/v2\/posts\/310087\/revisions"}],"predecessor-version":[{"id":310115,"href":"https:\/\/archive.sana.sy\/tr\/index.php?rest_route=\/wp\/v2\/posts\/310087\/revisions\/310115"}],"wp:featuredmedia":[{"embeddable":true,"href":"https:\/\/archive.sana.sy\/tr\/index.php?rest_route=\/wp\/v2\/media\/310089"}],"wp:attachment":[{"href":"https:\/\/archive.sana.sy\/tr\/index.php?rest_route=%2Fwp%2Fv2%2Fmedia&parent=310087"}],"wp:term":[{"taxonomy":"category","embeddable":true,"href":"https:\/\/archive.sana.sy\/tr\/index.php?rest_route=%2Fwp%2Fv2%2Fcategories&post=310087"},{"taxonomy":"post_tag","embeddable":true,"href":"https:\/\/archive.sana.sy\/tr\/index.php?rest_route=%2Fwp%2Fv2%2Ftags&post=310087"}],"curies":[{"name":"wp","href":"https:\/\/api.w.org\/{rel}","templated":true}]}}