{"id":310100,"date":"2024-10-15T10:43:35","date_gmt":"2024-10-15T07:43:35","guid":{"rendered":"https:\/\/sana.sy\/tr\/?p=310100"},"modified":"2024-10-15T15:43:51","modified_gmt":"2024-10-15T12:43:51","slug":"lubnan-direnisi-dusman-israile-ait-ihayi-imha-etti-dusmannin-yerlesim-yerlerini-hedef-almaya-devam-ediyor","status":"publish","type":"post","link":"https:\/\/archive.sana.sy\/tr\/?p=310100","title":{"rendered":"L\u00fcbnan Direni\u015fi D\u00fc\u015fman \u0130srail\u2019e Ait \u0130HA\u2019y\u0131 \u0130mha Etti, D\u00fc\u015fmann\u0131n Yerle\u015fim Yerlerini Hedef Almaya Devam Ediyor"},"content":{"rendered":"<p style=\"text-align: justify;\"><strong>BEYRUT (SANA) &#8211;<\/strong> \u00a0L\u00fcbnan direni\u015fi bug\u00fcn \u0130srail&#8217;e ait bir d\u00fc\u015fman insans\u0131z hava arac\u0131n\u0131 d\u00fc\u015f\u00fcrd\u00fc\u011f\u00fcn\u00fc ve f\u00fcze f\u0131rlat\u0131c\u0131s\u0131yla Tel Aviv&#8217;in d\u0131\u015f mahallelerini hedef ald\u0131\u011f\u0131n\u0131 duyurdu.<\/p>\n<p style=\"text-align: justify;\">Direni\u015f iki ayr\u0131 a\u00e7\u0131klamada \u015funlar\u0131 s\u00f6yledi: &#8220;Gazze \u015eeridi&#8217;ndeki kararl\u0131 Filistin halk\u0131m\u0131za destek vermek, onlar\u0131n cesur ve onurlu direni\u015fini desteklemek, L\u00fcbnan ve halk\u0131n\u0131 savunmak i\u00e7in hava savunma birliklerimizdeki sava\u015f\u00e7\u0131lar\u0131m\u0131z, \u0130srail&#8217;e ait d\u00fc\u015fman H\u00fcrm\u00fcz 450 \u0130HA&#8217;s\u0131n\u0131 d\u00fc\u015f\u00fcrd\u00fc.&#8221;<\/p>\n<p style=\"text-align: justify;\">Direni\u015f sava\u015f\u00e7\u0131lar\u0131 d\u00fcn ak\u015fam Tel Aviv&#8217;in eteklerindeki \u0130srail d\u00fc\u015fman\u0131na f\u00fcze salvosu ate\u015flerken, bu \u00f6\u011fleden sonra da f\u00fcze salvosuyla Kiryat Shmona yerle\u015fimini hedef ald\u0131.<\/p>\n<p style=\"text-align: center;\"><strong><a href=\"https:\/\/t.me\/SuriyeArapHaberAjansI\">Telegram Kanal\u0131m\u0131z\u00a0<\/a>||<a href=\"https:\/\/twitter.com\/arap_ajans\">X Platformumuz\u00a0<\/a>||<a href=\"https:\/\/www.facebook.com\/SANAHaberAjansi\/\">Facebook Sayfam\u0131z<\/a><\/strong><\/p>\n","protected":false},"excerpt":{"rendered":"<p>BEYRUT (SANA) &#8211; \u00a0L\u00fcbnan direni\u015fi bug\u00fcn \u0130srail&#8217;e ait bir d\u00fc\u015fman insans\u0131z hava arac\u0131n\u0131 d\u00fc\u015f\u00fcrd\u00fc\u011f\u00fcn\u00fc ve f\u00fcze f\u0131rlat\u0131c\u0131s\u0131yla Tel Aviv&#8217;in d\u0131\u015f mahallelerini hedef ald\u0131\u011f\u0131n\u0131 duyurdu. Direni\u015f iki ayr\u0131 a\u00e7\u0131klamada \u015funlar\u0131 s\u00f6yledi: &#8220;Gazze \u015eeridi&#8217;ndeki kararl\u0131 Filistin halk\u0131m\u0131za destek vermek, onlar\u0131n cesur ve onurlu direni\u015fini desteklemek, L\u00fcbnan ve halk\u0131n\u0131 savunmak i\u00e7in hava savunma birliklerimizdeki sava\u015f\u00e7\u0131lar\u0131m\u0131z, \u0130srail&#8217;e ait d\u00fc\u015fman &hellip;<\/p>\n","protected":false},"author":41,"featured_media":310101,"comment_status":"closed","ping_status":"closed","sticky":false,"template":"","format":"standard","meta":{"footnotes":""},"categories":[458,589,459,17988],"tags":[],"class_list":["post-310100","post","type-post","status-publish","format-standard","has-post-thumbnail","","category-dunya1","category-haber-seridi","category-haberler-arap-uluslararasi-politika","category-son-haberler"],"_links":{"self":[{"href":"https:\/\/archive.sana.sy\/tr\/index.php?rest_route=\/wp\/v2\/posts\/310100","targetHints":{"allow":["GET"]}}],"collection":[{"href":"https:\/\/archive.sana.sy\/tr\/index.php?rest_route=\/wp\/v2\/posts"}],"about":[{"href":"https:\/\/archive.sana.sy\/tr\/index.php?rest_route=\/wp\/v2\/types\/post"}],"author":[{"embeddable":true,"href":"https:\/\/archive.sana.sy\/tr\/index.php?rest_route=\/wp\/v2\/users\/41"}],"replies":[{"embeddable":true,"href":"https:\/\/archive.sana.sy\/tr\/index.php?rest_route=%2Fwp%2Fv2%2Fcomments&post=310100"}],"version-history":[{"count":1,"href":"https:\/\/archive.sana.sy\/tr\/index.php?rest_route=\/wp\/v2\/posts\/310100\/revisions"}],"predecessor-version":[{"id":310102,"href":"https:\/\/archive.sana.sy\/tr\/index.php?rest_route=\/wp\/v2\/posts\/310100\/revisions\/310102"}],"wp:featuredmedia":[{"embeddable":true,"href":"https:\/\/archive.sana.sy\/tr\/index.php?rest_route=\/wp\/v2\/media\/310101"}],"wp:attachment":[{"href":"https:\/\/archive.sana.sy\/tr\/index.php?rest_route=%2Fwp%2Fv2%2Fmedia&parent=310100"}],"wp:term":[{"taxonomy":"category","embeddable":true,"href":"https:\/\/archive.sana.sy\/tr\/index.php?rest_route=%2Fwp%2Fv2%2Fcategories&post=310100"},{"taxonomy":"post_tag","embeddable":true,"href":"https:\/\/archive.sana.sy\/tr\/index.php?rest_route=%2Fwp%2Fv2%2Ftags&post=310100"}],"curies":[{"name":"wp","href":"https:\/\/api.w.org\/{rel}","templated":true}]}}