{"id":310103,"date":"2024-10-15T10:54:47","date_gmt":"2024-10-15T07:54:47","guid":{"rendered":"https:\/\/sana.sy\/tr\/?p=310103"},"modified":"2024-10-15T15:56:27","modified_gmt":"2024-10-15T12:56:27","slug":"filistin-egitim-bakanligi-soykirim-savasinin-baslangicindan-bu-yana-11-406-ogrenci-sehit-oldu","status":"publish","type":"post","link":"https:\/\/archive.sana.sy\/tr\/?p=310103","title":{"rendered":"Filistin E\u011fitim Bakanl\u0131\u011f\u0131: Soyk\u0131r\u0131m Sava\u015f\u0131n\u0131n Ba\u015flang\u0131c\u0131ndan Bu Yana 11.406 \u00d6\u011frenci \u015eehit Oldu"},"content":{"rendered":"<p style=\"text-align: justify;\"><strong>\u0130\u015eGAL ED\u0130LEN KUD\u00dcS (SANA)<\/strong> &#8211;\u00a0 Filistin E\u011fitim Bakanl\u0131\u011f\u0131, i\u015fgalci \u0130srail\u2019in 7 Ekim 2023&#8217;ten bu yana s\u00fcrd\u00fcrd\u00fc\u011f\u00fc soyk\u0131r\u0131m sava\u015f\u0131nda 11 bin 406 \u00f6\u011frencinin \u015fehit oldu\u011funu, 18 bin 556 \u00f6\u011frencinin de yaraland\u0131\u011f\u0131n\u0131 a\u00e7\u0131klad\u0131.<\/p>\n<p style=\"text-align: justify;\">Wafa Ajans\u0131, bakanl\u0131\u011f\u0131n bug\u00fcn yapt\u0131\u011f\u0131 a\u00e7\u0131klamada \u015funlar\u0131 s\u00f6yledi\u011fini aktard\u0131: \u2018\u2019 Sald\u0131rganl\u0131\u011f\u0131n ba\u015flang\u0131c\u0131ndan bu yana Gazze \u015eeridi&#8217;nde \u015fehit olan \u00f6\u011frenci say\u0131s\u0131 11 bin 292&#8217;ye, yaralananlar\u0131n say\u0131s\u0131 ise 17 bin 965&#8217;e ula\u015ft\u0131. \u00a0Bat\u0131 \u015eeria&#8217;da 114 \u00f6\u011frenci \u015fehit olurken, 591 \u00f6\u011frenci yaraland\u0131, 439 ki\u015fi tutukland\u0131.\u2019\u2019<\/p>\n<p style=\"text-align: justify;\">Bakanl\u0131k, Gazze \u015eeridi ve Bat\u0131 \u015eeria&#8217;da 550 \u00f6\u011fretmen ve y\u00f6neticinin \u015fehit oldu\u011funu, 3 bin 717 ki\u015finin yaraland\u0131\u011f\u0131n\u0131, Bat\u0131 \u015eeria&#8217;da ise 145&#8217;ten fazla ki\u015finin tutukland\u0131\u011f\u0131n\u0131 bildirirken, \u2018\u2019Gazze \u015eeridi&#8217;nde 65&#8217;i UNRWA&#8217;ya ait olmak \u00fczere 427 okul bombalanarak tahrip edilirken, 124&#8217;\u00fc a\u011f\u0131r hasar g\u00f6rd\u00fc, 62&#8217;si ise tamamen y\u0131k\u0131ld\u0131\u2019\u2019 dedi.<\/p>\n<p style=\"text-align: justify;\">Bakanl\u0131k ayr\u0131ca, sald\u0131r\u0131n\u0131n ba\u015flang\u0131c\u0131ndan bu yana Gazze \u015eeridi&#8217;nde 718 bin \u00f6\u011frencinin h\u00e2l\u00e2 okul ve \u00fcniversitelere kay\u0131t yapt\u0131ramad\u0131\u011f\u0131na, \u00f6\u011frencilerin \u00e7o\u011funun psikolojik travma ya\u015fad\u0131\u011f\u0131na ve zor sa\u011fl\u0131k ko\u015fullar\u0131yla kar\u015f\u0131 kar\u015f\u0131ya oldu\u011funa dikkat \u00e7ekti.<\/p>\n<p style=\"text-align: center;\"><strong><a href=\"https:\/\/t.me\/SuriyeArapHaberAjansI\">Telegram Kanal\u0131m\u0131z\u00a0<\/a>||<a href=\"https:\/\/twitter.com\/arap_ajans\">X Platformumuz\u00a0<\/a>||<a href=\"https:\/\/www.facebook.com\/SANAHaberAjansi\/\">Facebook Sayfam\u0131z<\/a><\/strong><\/p>\n","protected":false},"excerpt":{"rendered":"<p>\u0130\u015eGAL ED\u0130LEN KUD\u00dcS (SANA) &#8211;\u00a0 Filistin E\u011fitim Bakanl\u0131\u011f\u0131, i\u015fgalci \u0130srail\u2019in 7 Ekim 2023&#8217;ten bu yana s\u00fcrd\u00fcrd\u00fc\u011f\u00fc soyk\u0131r\u0131m sava\u015f\u0131nda 11 bin 406 \u00f6\u011frencinin \u015fehit oldu\u011funu, 18 bin 556 \u00f6\u011frencinin de yaraland\u0131\u011f\u0131n\u0131 a\u00e7\u0131klad\u0131. Wafa Ajans\u0131, bakanl\u0131\u011f\u0131n bug\u00fcn yapt\u0131\u011f\u0131 a\u00e7\u0131klamada \u015funlar\u0131 s\u00f6yledi\u011fini aktard\u0131: \u2018\u2019 Sald\u0131rganl\u0131\u011f\u0131n ba\u015flang\u0131c\u0131ndan bu yana Gazze \u015eeridi&#8217;nde \u015fehit olan \u00f6\u011frenci say\u0131s\u0131 11 bin 292&#8217;ye, yaralananlar\u0131n &hellip;<\/p>\n","protected":false},"author":41,"featured_media":310104,"comment_status":"closed","ping_status":"closed","sticky":false,"template":"","format":"standard","meta":{"footnotes":""},"categories":[458,589,459,17988],"tags":[42664],"class_list":["post-310103","post","type-post","status-publish","format-standard","has-post-thumbnail","","category-dunya1","category-haber-seridi","category-haberler-arap-uluslararasi-politika","category-son-haberler","tag-filistin-egitim-bakanligi-soykirim-savasinin-baslangicindan-bu-yana-11-406-ogrenci-sehit-oldu"],"_links":{"self":[{"href":"https:\/\/archive.sana.sy\/tr\/index.php?rest_route=\/wp\/v2\/posts\/310103","targetHints":{"allow":["GET"]}}],"collection":[{"href":"https:\/\/archive.sana.sy\/tr\/index.php?rest_route=\/wp\/v2\/posts"}],"about":[{"href":"https:\/\/archive.sana.sy\/tr\/index.php?rest_route=\/wp\/v2\/types\/post"}],"author":[{"embeddable":true,"href":"https:\/\/archive.sana.sy\/tr\/index.php?rest_route=\/wp\/v2\/users\/41"}],"replies":[{"embeddable":true,"href":"https:\/\/archive.sana.sy\/tr\/index.php?rest_route=%2Fwp%2Fv2%2Fcomments&post=310103"}],"version-history":[{"count":1,"href":"https:\/\/archive.sana.sy\/tr\/index.php?rest_route=\/wp\/v2\/posts\/310103\/revisions"}],"predecessor-version":[{"id":310105,"href":"https:\/\/archive.sana.sy\/tr\/index.php?rest_route=\/wp\/v2\/posts\/310103\/revisions\/310105"}],"wp:featuredmedia":[{"embeddable":true,"href":"https:\/\/archive.sana.sy\/tr\/index.php?rest_route=\/wp\/v2\/media\/310104"}],"wp:attachment":[{"href":"https:\/\/archive.sana.sy\/tr\/index.php?rest_route=%2Fwp%2Fv2%2Fmedia&parent=310103"}],"wp:term":[{"taxonomy":"category","embeddable":true,"href":"https:\/\/archive.sana.sy\/tr\/index.php?rest_route=%2Fwp%2Fv2%2Fcategories&post=310103"},{"taxonomy":"post_tag","embeddable":true,"href":"https:\/\/archive.sana.sy\/tr\/index.php?rest_route=%2Fwp%2Fv2%2Ftags&post=310103"}],"curies":[{"name":"wp","href":"https:\/\/api.w.org\/{rel}","templated":true}]}}