{"id":310108,"date":"2024-10-15T17:33:25","date_gmt":"2024-10-15T14:33:25","guid":{"rendered":"https:\/\/sana.sy\/tr\/?p=310108"},"modified":"2024-10-15T17:33:25","modified_gmt":"2024-10-15T14:33:25","slug":"seyh-kasim-direnis-kazanacak-ve-dusmanin-herhangi-bir-noktasini-hedef-alma-hakkina-sahiptir","status":"publish","type":"post","link":"https:\/\/archive.sana.sy\/tr\/?p=310108","title":{"rendered":"\u015eeyh Kas\u0131m: Direni\u015f Kazanacak Ve D\u00fc\u015fman\u0131n Herhangi Bir Noktas\u0131n\u0131 Hedef Alma Hakk\u0131na Sahiptir"},"content":{"rendered":"<p style=\"text-align: justify;\"><strong>BEYRUT (SANA)<\/strong> &#8211; Hizbullah Genel Sekreter Yard\u0131mc\u0131s\u0131 \u015eeyh Naim Kas\u0131m, direni\u015fin zafere ula\u015faca\u011f\u0131n\u0131, \u00e7\u00fcnk\u00fc direni\u015fin topraklar\u0131n sahibi oldu\u011funu ve \u0130srail i\u015fgalindeki her noktay\u0131 hedef alma hakk\u0131na sahip oldu\u011funu do\u011frulayarak, sava\u015f devam ettik\u00e7e, i\u015fgalin tahmini ve \u0131ss\u0131z yerle\u015fim yerlerinin say\u0131s\u0131n\u0131n artaca\u011f\u0131n\u0131 ve \u00e7\u00f6z\u00fcm\u00fcn sadece ate\u015fkes oldu\u011funu belirtti.<\/p>\n<p style=\"text-align: justify;\">Kas\u0131m bug\u00fcnk\u00fc konu\u015fmas\u0131nda, \u2018\u2019Hizbullah Genel Sekreteri \u015fehit Hasan Nasrallah bizi b\u0131rakmad\u0131, direni\u015f y\u00fcr\u00fcy\u00fc\u015f\u00fc devam ediyor. D\u00fc\u015fmanlar\u0131 yenece\u011fiz, topraklar\u0131m\u0131zdan s\u00f6k\u00fcp ataca\u011f\u0131z\u2019\u2019 diyerek, \u00a0&#8220;\u0130srail&#8221;in ABD taraf\u0131ndan desteklenen yay\u0131lmac\u0131, gasp\u00e7\u0131 bir yap\u0131 oldu\u011funu, yeni bir Ortado\u011fu kurmak i\u00e7in b\u00f6lgeyi kontrol alt\u0131na alma y\u00f6n\u00fcnde y\u0131k\u0131c\u0131 bir projesi ve h\u0131rs\u0131 oldu\u011funu belirtti.<\/p>\n<p style=\"text-align: justify;\">Kas\u0131m ayr\u0131ca, i\u015fgalci \u0130srail\u2019e direnmenin, i\u015fgalin yay\u0131lmac\u0131 projesine kar\u015f\u0131 m\u00fccadele eden Filistin halk\u0131n\u0131n hakk\u0131 oldu\u011funu, L\u00fcbnan direni\u015finin buna deste\u011finin ise Filistin&#8217;in \u00f6zg\u00fcrle\u015ftirilmesi ve topraklar\u0131n savunulmas\u0131 ad\u0131na oldu\u011funu kaydetti.<\/p>\n<p style=\"text-align: justify;\">\u0130\u015fgalin \u00e7a\u011fr\u0131 cihazlar\u0131n\u0131 patlatt\u0131\u011f\u0131 g\u00fcn olan 17 Eyl\u00fcl&#8217;den bu yana L\u00fcbnan direni\u015finin art\u0131k destek a\u015famas\u0131nda de\u011fil, \u0130srail sald\u0131rganl\u0131\u011f\u0131yla y\u00fczle\u015fme ve L\u00fcbnan&#8217;a kar\u015f\u0131 sava\u015f olarak adland\u0131r\u0131lan yeni bir a\u015famada oldu\u011funu belirten Kas\u0131m, ald\u0131\u011f\u0131 darbelerin \u00fcstesinden gelebildi\u011fini ve son iki hafta boyunca sahada ba\u015fard\u0131\u011f\u0131 \u015feyin beklenenden daha b\u00fcy\u00fck ve daha iyi oldu\u011funu ifade etti.<\/p>\n<p style=\"text-align: justify;\">\u015eeyh Kas\u0131m, Hayfa&#8217;n\u0131n g\u00fcneyindeki &#8220;Golani&#8221; kamp\u0131ndaki i\u015fgale kar\u015f\u0131 direni\u015fin y\u00f6neltti\u011fi sald\u0131r\u0131n\u0131n, onun kabiliyetini ve g\u00fcc\u00fcn\u00fc teyit eden niteliksel bir sald\u0131r\u0131 oldu\u011funa dikkat \u00e7ekerken de, direni\u015fin i\u015fgal ordusunu takip etti\u011fini ve ilerledi\u011fi her yerde ona kar\u015f\u0131 operasyonlar y\u00fcr\u00fctt\u00fc\u011f\u00fcn\u00fc, onunla daha fazla angajman bekledi\u011fini belirtti.<\/p>\n<p style=\"text-align: justify;\">\n<p style=\"text-align: justify;\">\n","protected":false},"excerpt":{"rendered":"<p>BEYRUT (SANA) &#8211; Hizbullah Genel Sekreter Yard\u0131mc\u0131s\u0131 \u015eeyh Naim Kas\u0131m, direni\u015fin zafere ula\u015faca\u011f\u0131n\u0131, \u00e7\u00fcnk\u00fc direni\u015fin topraklar\u0131n sahibi oldu\u011funu ve \u0130srail i\u015fgalindeki her noktay\u0131 hedef alma hakk\u0131na sahip oldu\u011funu do\u011frulayarak, sava\u015f devam ettik\u00e7e, i\u015fgalin tahmini ve \u0131ss\u0131z yerle\u015fim yerlerinin say\u0131s\u0131n\u0131n artaca\u011f\u0131n\u0131 ve \u00e7\u00f6z\u00fcm\u00fcn sadece ate\u015fkes oldu\u011funu belirtti. Kas\u0131m bug\u00fcnk\u00fc konu\u015fmas\u0131nda, \u2018\u2019Hizbullah Genel Sekreteri \u015fehit Hasan Nasrallah &hellip;<\/p>\n","protected":false},"author":41,"featured_media":310109,"comment_status":"closed","ping_status":"closed","sticky":false,"template":"","format":"standard","meta":{"footnotes":""},"categories":[458,589,459,17988],"tags":[42668],"class_list":["post-310108","post","type-post","status-publish","format-standard","has-post-thumbnail","","category-dunya1","category-haber-seridi","category-haberler-arap-uluslararasi-politika","category-son-haberler","tag-seyh-kasim-direnis-kazanacak-ve-dusmanin-herhangi-bir-noktasini-hedef-alma-hakkina-sahiptir"],"_links":{"self":[{"href":"https:\/\/archive.sana.sy\/tr\/index.php?rest_route=\/wp\/v2\/posts\/310108","targetHints":{"allow":["GET"]}}],"collection":[{"href":"https:\/\/archive.sana.sy\/tr\/index.php?rest_route=\/wp\/v2\/posts"}],"about":[{"href":"https:\/\/archive.sana.sy\/tr\/index.php?rest_route=\/wp\/v2\/types\/post"}],"author":[{"embeddable":true,"href":"https:\/\/archive.sana.sy\/tr\/index.php?rest_route=\/wp\/v2\/users\/41"}],"replies":[{"embeddable":true,"href":"https:\/\/archive.sana.sy\/tr\/index.php?rest_route=%2Fwp%2Fv2%2Fcomments&post=310108"}],"version-history":[{"count":1,"href":"https:\/\/archive.sana.sy\/tr\/index.php?rest_route=\/wp\/v2\/posts\/310108\/revisions"}],"predecessor-version":[{"id":310110,"href":"https:\/\/archive.sana.sy\/tr\/index.php?rest_route=\/wp\/v2\/posts\/310108\/revisions\/310110"}],"wp:featuredmedia":[{"embeddable":true,"href":"https:\/\/archive.sana.sy\/tr\/index.php?rest_route=\/wp\/v2\/media\/310109"}],"wp:attachment":[{"href":"https:\/\/archive.sana.sy\/tr\/index.php?rest_route=%2Fwp%2Fv2%2Fmedia&parent=310108"}],"wp:term":[{"taxonomy":"category","embeddable":true,"href":"https:\/\/archive.sana.sy\/tr\/index.php?rest_route=%2Fwp%2Fv2%2Fcategories&post=310108"},{"taxonomy":"post_tag","embeddable":true,"href":"https:\/\/archive.sana.sy\/tr\/index.php?rest_route=%2Fwp%2Fv2%2Ftags&post=310108"}],"curies":[{"name":"wp","href":"https:\/\/api.w.org\/{rel}","templated":true}]}}