{"id":31013,"date":"2015-04-26T17:48:48","date_gmt":"2015-04-26T14:48:48","guid":{"rendered":"http:\/\/www.sana.sy\/tr\/?p=31013"},"modified":"2015-04-26T19:30:52","modified_gmt":"2015-04-26T16:30:52","slug":"20-kisi-silahlariyla-birlikte-teslim-olurken-150-kisi-de-serbest-birakildi","status":"publish","type":"post","link":"https:\/\/archive.sana.sy\/tr\/?p=31013","title":{"rendered":"20 Ki\u015fi Silahlar\u0131yla Birlikte Teslim Olurken 150 Ki\u015fi de Serbest B\u0131rak\u0131ld\u0131"},"content":{"rendered":"<p>\u0130LLER \u2013 \u015eam ve K\u0131rsal\u0131na ilaveten Hama ve Dera\u2019dan kanun ka\u00e7a\u011f\u0131 20 ki\u015fi bug\u00fcn silahlar\u0131yla birlikte ilgili kurumlara teslim oldu.<\/p>\n<p>Bu arada Homs Valili\u011finde bir kaynak; Homs iline tabi Telbise, Resten, Hasya, Kefar Aya, Deyr Bealbe ve Homs Kentinin muhtelif b\u00f6lgelerinden daha \u00f6nce silahlar\u0131yla teslim olan 150 ki\u015finin kanuni durumlar\u0131n\u0131n yeniden d\u00fczenlenmesi ard\u0131ndan serbest b\u0131rak\u0131ld\u0131klar\u0131n\u0131 ifade etti.<\/p>\n<p><a href=\"http:\/\/www.sana.sy\/tr\/wp-content\/uploads\/2015\/04\/Teslim-olan-Homs.JPG-1.jpg\"><img loading=\"lazy\" decoding=\"async\" class=\"aligncenter wp-image-31025 size-full\" src=\"http:\/\/www.sana.sy\/tr\/wp-content\/uploads\/2015\/04\/Teslim-olan-Homs.JPG-1.jpg\" alt=\"Teslim olan Homs.JPG 1\" width=\"620\" height=\"330\" srcset=\"https:\/\/archive.sana.sy\/tr\/wp-content\/uploads\/2015\/04\/Teslim-olan-Homs.JPG-1.jpg 620w, https:\/\/archive.sana.sy\/tr\/wp-content\/uploads\/2015\/04\/Teslim-olan-Homs.JPG-1-150x80.jpg 150w, https:\/\/archive.sana.sy\/tr\/wp-content\/uploads\/2015\/04\/Teslim-olan-Homs.JPG-1-300x160.jpg 300w\" sizes=\"auto, (max-width: 620px) 100vw, 620px\" \/><\/a><\/p>\n<p>M.M. &#8211; A.A.<\/p>\n","protected":false},"excerpt":{"rendered":"<p>\u0130LLER \u2013 \u015eam ve K\u0131rsal\u0131na ilaveten Hama ve Dera\u2019dan kanun ka\u00e7a\u011f\u0131 20 ki\u015fi bug\u00fcn silahlar\u0131yla birlikte ilgili kurumlara teslim oldu. Bu arada Homs Valili\u011finde bir kaynak; Homs iline tabi Telbise, Resten, Hasya, Kefar Aya, Deyr Bealbe ve Homs Kentinin muhtelif b\u00f6lgelerinden daha \u00f6nce silahlar\u0131yla teslim olan 150 ki\u015finin kanuni durumlar\u0131n\u0131n yeniden d\u00fczenlenmesi ard\u0131ndan serbest b\u0131rak\u0131ld\u0131klar\u0131n\u0131 &hellip;<\/p>\n","protected":false},"author":1,"featured_media":31024,"comment_status":"closed","ping_status":"closed","sticky":false,"template":"","format":"standard","meta":{"footnotes":""},"categories":[575],"tags":[14068,14069],"class_list":["post-31013","post","type-post","status-publish","format-standard","has-post-thumbnail","","category-olaylar-ve-gercekler","tag-20-kisi-silahlariyla-birlikte-teslim-olurken-150-kisi-de-serbest-birakildi","tag-iller-sam-ve-kirsalina-ilaveten-hama-ve-deradan-kanun-kacagi-20-kisi-bugun-silahlariyla-birlikte-ilgili-kurumlara-teslim-oldu"],"_links":{"self":[{"href":"https:\/\/archive.sana.sy\/tr\/index.php?rest_route=\/wp\/v2\/posts\/31013","targetHints":{"allow":["GET"]}}],"collection":[{"href":"https:\/\/archive.sana.sy\/tr\/index.php?rest_route=\/wp\/v2\/posts"}],"about":[{"href":"https:\/\/archive.sana.sy\/tr\/index.php?rest_route=\/wp\/v2\/types\/post"}],"author":[{"embeddable":true,"href":"https:\/\/archive.sana.sy\/tr\/index.php?rest_route=\/wp\/v2\/users\/1"}],"replies":[{"embeddable":true,"href":"https:\/\/archive.sana.sy\/tr\/index.php?rest_route=%2Fwp%2Fv2%2Fcomments&post=31013"}],"version-history":[{"count":0,"href":"https:\/\/archive.sana.sy\/tr\/index.php?rest_route=\/wp\/v2\/posts\/31013\/revisions"}],"wp:featuredmedia":[{"embeddable":true,"href":"https:\/\/archive.sana.sy\/tr\/index.php?rest_route=\/wp\/v2\/media\/31024"}],"wp:attachment":[{"href":"https:\/\/archive.sana.sy\/tr\/index.php?rest_route=%2Fwp%2Fv2%2Fmedia&parent=31013"}],"wp:term":[{"taxonomy":"category","embeddable":true,"href":"https:\/\/archive.sana.sy\/tr\/index.php?rest_route=%2Fwp%2Fv2%2Fcategories&post=31013"},{"taxonomy":"post_tag","embeddable":true,"href":"https:\/\/archive.sana.sy\/tr\/index.php?rest_route=%2Fwp%2Fv2%2Ftags&post=31013"}],"curies":[{"name":"wp","href":"https:\/\/api.w.org\/{rel}","templated":true}]}}