{"id":310140,"date":"2024-10-16T10:18:55","date_gmt":"2024-10-16T07:18:55","guid":{"rendered":"https:\/\/sana.sy\/tr\/?p=310140"},"modified":"2024-10-16T18:04:50","modified_gmt":"2024-10-16T15:04:50","slug":"israilin-lubnanin-bazi-bolgelerine-duzenledigi-hava-saldirilarinda-alti-sehit-ve-duzinelerce-kisi-yaralandi","status":"publish","type":"post","link":"https:\/\/archive.sana.sy\/tr\/?p=310140","title":{"rendered":"\u0130srail&#8217;in L\u00fcbnan&#8217;\u0131n Baz\u0131 B\u00f6lgelerine D\u00fczenledi\u011fi Hava Sald\u0131r\u0131lar\u0131nda Alt\u0131 \u015eehit ve D\u00fczinelerce Ki\u015fi Yaraland\u0131"},"content":{"rendered":"<p style=\"text-align: justify;\"><strong>BEYRUT (SANA)<\/strong> &#8211; L\u00fcbnan Sa\u011fl\u0131k Bakanl\u0131\u011f\u0131 Halk Sa\u011fl\u0131\u011f\u0131 Acil Durum Operasyon Merkezi, bug\u00fcn yapt\u0131\u011f\u0131 a\u00e7\u0131klamada, \u0130srail d\u00fc\u015fman u\u00e7aklar\u0131n\u0131n \u00fclkenin \u00e7e\u015fitli b\u00f6lgelerine d\u00fczenledi\u011fi bask\u0131nlar sonucu 6 L\u00fcbnanl\u0131n\u0131n \u015fehit d\u00fc\u015ft\u00fc\u011f\u00fcn\u00fc, onlarca ki\u015finin yaraland\u0131\u011f\u0131n\u0131 duyurdu.<\/p>\n<p style=\"text-align: justify;\">L\u00fcbnan Ulusal Haber Ajans\u0131, merkezin yapt\u0131\u011f\u0131 a\u00e7\u0131klamada, \u0130srailli d\u00fc\u015fman\u0131n g\u00fcney L\u00fcbnan\u2019daki Kana kasabas\u0131na ard\u0131 ard\u0131na d\u00fczenledi\u011fi bask\u0131nlar, ilk sonu\u00e7 olarak bir ki\u015finin \u015fehit d\u00fc\u015fmesine ve otuz ki\u015finin de yaralanmas\u0131na yol a\u00e7t\u0131\u011f\u0131n\u0131 vurgulayarak, L\u00fcbnan\u2019\u0131n g\u00fcneyindeki Sarbin kasabas\u0131na d\u00fczenlenen sald\u0131rganl\u0131kta 5 ki\u015finin \u015fehit d\u00fc\u015fmesinin yan\u0131 s\u0131ra, sald\u0131rganl\u0131k alan\u0131ndaki moloz kald\u0131rma \u00e7al\u0131\u015fmalar\u0131n\u0131n da devam etti\u011fini belirtti.<\/p>\n<p style=\"text-align: center;\"><strong><a href=\"https:\/\/t.me\/SuriyeArapHaberAjansI\">Telegram Kanal\u0131m\u0131z\u00a0<\/a>||<a href=\"https:\/\/twitter.com\/arap_ajans\">X Platformumuz\u00a0<\/a>||<a href=\"https:\/\/www.facebook.com\/SANAHaberAjansi\/\">Facebook Sayfam\u0131z<\/a><\/strong><\/p>\n","protected":false},"excerpt":{"rendered":"<p>BEYRUT (SANA) &#8211; L\u00fcbnan Sa\u011fl\u0131k Bakanl\u0131\u011f\u0131 Halk Sa\u011fl\u0131\u011f\u0131 Acil Durum Operasyon Merkezi, bug\u00fcn yapt\u0131\u011f\u0131 a\u00e7\u0131klamada, \u0130srail d\u00fc\u015fman u\u00e7aklar\u0131n\u0131n \u00fclkenin \u00e7e\u015fitli b\u00f6lgelerine d\u00fczenledi\u011fi bask\u0131nlar sonucu 6 L\u00fcbnanl\u0131n\u0131n \u015fehit d\u00fc\u015ft\u00fc\u011f\u00fcn\u00fc, onlarca ki\u015finin yaraland\u0131\u011f\u0131n\u0131 duyurdu. L\u00fcbnan Ulusal Haber Ajans\u0131, merkezin yapt\u0131\u011f\u0131 a\u00e7\u0131klamada, \u0130srailli d\u00fc\u015fman\u0131n g\u00fcney L\u00fcbnan\u2019daki Kana kasabas\u0131na ard\u0131 ard\u0131na d\u00fczenledi\u011fi bask\u0131nlar, ilk sonu\u00e7 olarak bir ki\u015finin \u015fehit &hellip;<\/p>\n","protected":false},"author":36,"featured_media":310141,"comment_status":"closed","ping_status":"closed","sticky":false,"template":"","format":"standard","meta":{"footnotes":""},"categories":[458,589,459,17988],"tags":[42676],"class_list":["post-310140","post","type-post","status-publish","format-standard","has-post-thumbnail","","category-dunya1","category-haber-seridi","category-haberler-arap-uluslararasi-politika","category-son-haberler","tag-israilin-lubnanin-bazi-bolgelerine-duzenledigi-hava-saldirilarinda-alti-sehit-ve-duzinelerce-kisi-yaralandi"],"_links":{"self":[{"href":"https:\/\/archive.sana.sy\/tr\/index.php?rest_route=\/wp\/v2\/posts\/310140","targetHints":{"allow":["GET"]}}],"collection":[{"href":"https:\/\/archive.sana.sy\/tr\/index.php?rest_route=\/wp\/v2\/posts"}],"about":[{"href":"https:\/\/archive.sana.sy\/tr\/index.php?rest_route=\/wp\/v2\/types\/post"}],"author":[{"embeddable":true,"href":"https:\/\/archive.sana.sy\/tr\/index.php?rest_route=\/wp\/v2\/users\/36"}],"replies":[{"embeddable":true,"href":"https:\/\/archive.sana.sy\/tr\/index.php?rest_route=%2Fwp%2Fv2%2Fcomments&post=310140"}],"version-history":[{"count":3,"href":"https:\/\/archive.sana.sy\/tr\/index.php?rest_route=\/wp\/v2\/posts\/310140\/revisions"}],"predecessor-version":[{"id":310148,"href":"https:\/\/archive.sana.sy\/tr\/index.php?rest_route=\/wp\/v2\/posts\/310140\/revisions\/310148"}],"wp:featuredmedia":[{"embeddable":true,"href":"https:\/\/archive.sana.sy\/tr\/index.php?rest_route=\/wp\/v2\/media\/310141"}],"wp:attachment":[{"href":"https:\/\/archive.sana.sy\/tr\/index.php?rest_route=%2Fwp%2Fv2%2Fmedia&parent=310140"}],"wp:term":[{"taxonomy":"category","embeddable":true,"href":"https:\/\/archive.sana.sy\/tr\/index.php?rest_route=%2Fwp%2Fv2%2Fcategories&post=310140"},{"taxonomy":"post_tag","embeddable":true,"href":"https:\/\/archive.sana.sy\/tr\/index.php?rest_route=%2Fwp%2Fv2%2Ftags&post=310140"}],"curies":[{"name":"wp","href":"https:\/\/api.w.org\/{rel}","templated":true}]}}