{"id":310146,"date":"2024-10-16T10:19:13","date_gmt":"2024-10-16T07:19:13","guid":{"rendered":"https:\/\/sana.sy\/tr\/?p=310146"},"modified":"2024-10-16T15:20:27","modified_gmt":"2024-10-16T12:20:27","slug":"lubnan-direnisi-safed-ve-diger-bolgelerdeki-israil-dusmanini-hedef-aldi","status":"publish","type":"post","link":"https:\/\/archive.sana.sy\/tr\/?p=310146","title":{"rendered":"L\u00fcbnan Direni\u015fi Safed ve Di\u011fer B\u00f6lgelerdeki \u0130srail D\u00fc\u015fman\u0131n\u0131 Hedef Ald\u0131"},"content":{"rendered":"<p style=\"text-align: justify;\"><strong>BEYRUT (SANA)<\/strong> &#8211; L\u00fcbnan direni\u015fi, i\u015fgal alt\u0131ndaki Safed kentinde ve di\u011fer baz\u0131 b\u00f6lgelerdeki d\u00fc\u015fman \u0130srail&#8217;i hedef ald\u0131\u011f\u0131n\u0131 duyurdu.<\/p>\n<p style=\"text-align: justify;\">Direni\u015f yapt\u0131\u011f\u0131 a\u00e7\u0131klamada, Gazze \u015eeridi&#8217;ndeki kararl\u0131 Filistin halk\u0131m\u0131z\u0131 desteklemek ve onlar\u0131n cesur ve onurlu direni\u015fini desteklemek, L\u00fcbnan&#8217;\u0131 ve halk\u0131n\u0131 savunmak ve \u0130srail&#8217;in \u015fehirleri, k\u00f6yleri ve sivilleri barbarca i\u015fgaline yan\u0131t olarak, bug\u00fcn \u015fafak vakti i\u015fgal alt\u0131ndaki Safed \u015fehrini b\u00fcy\u00fck bir f\u00fcze rampas\u0131 ile bombalad\u0131\u011f\u0131n\u0131 belirtti.<\/p>\n<p style=\"text-align: justify;\">Direni\u015f di\u011fer a\u00e7\u0131klamalar\u0131nda da, &#8220;\u0130srail&#8217;in Di\u015fhon ve Dilton&#8217;daki top\u00e7u mevzileri ile Yiftah yerle\u015fimindeki mevzilerini f\u00fcze rampalar\u0131yla hedef ald\u0131&#8221; ifadelerini kulland\u0131.<\/p>\n<p style=\"text-align: center;\"><strong><a href=\"https:\/\/t.me\/SuriyeArapHaberAjansI\">Telegram Kanal\u0131m\u0131z\u00a0<\/a>||<a href=\"https:\/\/twitter.com\/arap_ajans\">X Platformumuz\u00a0<\/a>||<a href=\"https:\/\/www.facebook.com\/SANAHaberAjansi\/\">Facebook Sayfam\u0131z<\/a><\/strong><\/p>\n","protected":false},"excerpt":{"rendered":"<p>BEYRUT (SANA) &#8211; L\u00fcbnan direni\u015fi, i\u015fgal alt\u0131ndaki Safed kentinde ve di\u011fer baz\u0131 b\u00f6lgelerdeki d\u00fc\u015fman \u0130srail&#8217;i hedef ald\u0131\u011f\u0131n\u0131 duyurdu. Direni\u015f yapt\u0131\u011f\u0131 a\u00e7\u0131klamada, Gazze \u015eeridi&#8217;ndeki kararl\u0131 Filistin halk\u0131m\u0131z\u0131 desteklemek ve onlar\u0131n cesur ve onurlu direni\u015fini desteklemek, L\u00fcbnan&#8217;\u0131 ve halk\u0131n\u0131 savunmak ve \u0130srail&#8217;in \u015fehirleri, k\u00f6yleri ve sivilleri barbarca i\u015fgaline yan\u0131t olarak, bug\u00fcn \u015fafak vakti i\u015fgal alt\u0131ndaki Safed \u015fehrini &hellip;<\/p>\n","protected":false},"author":36,"featured_media":310149,"comment_status":"closed","ping_status":"closed","sticky":false,"template":"","format":"standard","meta":{"footnotes":""},"categories":[458,589,459,17988],"tags":[],"class_list":["post-310146","post","type-post","status-publish","format-standard","has-post-thumbnail","","category-dunya1","category-haber-seridi","category-haberler-arap-uluslararasi-politika","category-son-haberler"],"_links":{"self":[{"href":"https:\/\/archive.sana.sy\/tr\/index.php?rest_route=\/wp\/v2\/posts\/310146","targetHints":{"allow":["GET"]}}],"collection":[{"href":"https:\/\/archive.sana.sy\/tr\/index.php?rest_route=\/wp\/v2\/posts"}],"about":[{"href":"https:\/\/archive.sana.sy\/tr\/index.php?rest_route=\/wp\/v2\/types\/post"}],"author":[{"embeddable":true,"href":"https:\/\/archive.sana.sy\/tr\/index.php?rest_route=\/wp\/v2\/users\/36"}],"replies":[{"embeddable":true,"href":"https:\/\/archive.sana.sy\/tr\/index.php?rest_route=%2Fwp%2Fv2%2Fcomments&post=310146"}],"version-history":[{"count":3,"href":"https:\/\/archive.sana.sy\/tr\/index.php?rest_route=\/wp\/v2\/posts\/310146\/revisions"}],"predecessor-version":[{"id":310170,"href":"https:\/\/archive.sana.sy\/tr\/index.php?rest_route=\/wp\/v2\/posts\/310146\/revisions\/310170"}],"wp:featuredmedia":[{"embeddable":true,"href":"https:\/\/archive.sana.sy\/tr\/index.php?rest_route=\/wp\/v2\/media\/310149"}],"wp:attachment":[{"href":"https:\/\/archive.sana.sy\/tr\/index.php?rest_route=%2Fwp%2Fv2%2Fmedia&parent=310146"}],"wp:term":[{"taxonomy":"category","embeddable":true,"href":"https:\/\/archive.sana.sy\/tr\/index.php?rest_route=%2Fwp%2Fv2%2Fcategories&post=310146"},{"taxonomy":"post_tag","embeddable":true,"href":"https:\/\/archive.sana.sy\/tr\/index.php?rest_route=%2Fwp%2Fv2%2Ftags&post=310146"}],"curies":[{"name":"wp","href":"https:\/\/api.w.org\/{rel}","templated":true}]}}