{"id":31016,"date":"2015-04-26T17:50:50","date_gmt":"2015-04-26T14:50:50","guid":{"rendered":"http:\/\/www.sana.sy\/tr\/?p=31016"},"modified":"2015-04-26T17:50:50","modified_gmt":"2015-04-26T14:50:50","slug":"hasekede-turk-mali-silahlar-yakalandi","status":"publish","type":"post","link":"https:\/\/archive.sana.sy\/tr\/?p=31016","title":{"rendered":"Haseke\u2019de T\u00fcrk Mal\u0131 Silahlar Yakaland\u0131"},"content":{"rendered":"<p>HASEKE \u2013 G\u00fcvenlik birimleri; Haseke Kentinin g\u00fcney kenarlar\u0131 Gveyran Semtinde bir k\u0131sm\u0131 T\u00fcrk mal\u0131 olan muhtelif t\u00fcr silah ve m\u00fchimmat ele ge\u00e7irdi.<\/p>\n<p>Haseke Valili\u011finde bir kaynak SANA\u2019ya a\u00e7\u0131klamas\u0131nda; ele ge\u00e7irilen silahlar\u0131n biri T\u00fcrk mal\u0131 olmak \u00fczere 4 adet uzun namlulu otomatik sava\u015f silah\u0131 ve bir adet intihar yele\u011fine ilaveten bol miktarda m\u00fchimmat ve el bombalar\u0131ndan ibaret oldu\u011funu a\u00e7\u0131klad\u0131.<\/p>\n<p>Bu arada ordu birliklerimiz Gveyran Semtini ge\u00e7en Eyl\u00fcl ay\u0131 ortalar\u0131nda ter\u00f6ristlerden temizlemi\u015f, halk\u0131n g\u00fcvenlik ve istikrar\u0131n\u0131 sa\u011flam\u0131\u015ft\u0131.<\/p>\n","protected":false},"excerpt":{"rendered":"<p>HASEKE \u2013 G\u00fcvenlik birimleri; Haseke Kentinin g\u00fcney kenarlar\u0131 Gveyran Semtinde bir k\u0131sm\u0131 T\u00fcrk mal\u0131 olan muhtelif t\u00fcr silah ve m\u00fchimmat ele ge\u00e7irdi. Haseke Valili\u011finde bir kaynak SANA\u2019ya a\u00e7\u0131klamas\u0131nda; ele ge\u00e7irilen silahlar\u0131n biri T\u00fcrk mal\u0131 olmak \u00fczere 4 adet uzun namlulu otomatik sava\u015f silah\u0131 ve bir adet intihar yele\u011fine ilaveten bol miktarda m\u00fchimmat ve el bombalar\u0131ndan &hellip;<\/p>\n","protected":false},"author":1,"featured_media":31017,"comment_status":"closed","ping_status":"closed","sticky":false,"template":"","format":"standard","meta":{"footnotes":""},"categories":[575],"tags":[14070],"class_list":["post-31016","post","type-post","status-publish","format-standard","has-post-thumbnail","","category-olaylar-ve-gercekler","tag-hasekede-turk-mali-silahlar-yakalandi"],"_links":{"self":[{"href":"https:\/\/archive.sana.sy\/tr\/index.php?rest_route=\/wp\/v2\/posts\/31016","targetHints":{"allow":["GET"]}}],"collection":[{"href":"https:\/\/archive.sana.sy\/tr\/index.php?rest_route=\/wp\/v2\/posts"}],"about":[{"href":"https:\/\/archive.sana.sy\/tr\/index.php?rest_route=\/wp\/v2\/types\/post"}],"author":[{"embeddable":true,"href":"https:\/\/archive.sana.sy\/tr\/index.php?rest_route=\/wp\/v2\/users\/1"}],"replies":[{"embeddable":true,"href":"https:\/\/archive.sana.sy\/tr\/index.php?rest_route=%2Fwp%2Fv2%2Fcomments&post=31016"}],"version-history":[{"count":0,"href":"https:\/\/archive.sana.sy\/tr\/index.php?rest_route=\/wp\/v2\/posts\/31016\/revisions"}],"wp:featuredmedia":[{"embeddable":true,"href":"https:\/\/archive.sana.sy\/tr\/index.php?rest_route=\/wp\/v2\/media\/31017"}],"wp:attachment":[{"href":"https:\/\/archive.sana.sy\/tr\/index.php?rest_route=%2Fwp%2Fv2%2Fmedia&parent=31016"}],"wp:term":[{"taxonomy":"category","embeddable":true,"href":"https:\/\/archive.sana.sy\/tr\/index.php?rest_route=%2Fwp%2Fv2%2Fcategories&post=31016"},{"taxonomy":"post_tag","embeddable":true,"href":"https:\/\/archive.sana.sy\/tr\/index.php?rest_route=%2Fwp%2Fv2%2Ftags&post=31016"}],"curies":[{"name":"wp","href":"https:\/\/api.w.org\/{rel}","templated":true}]}}