{"id":310175,"date":"2024-10-16T16:13:51","date_gmt":"2024-10-16T13:13:51","guid":{"rendered":"https:\/\/sana.sy\/tr\/?p=310175"},"modified":"2024-10-17T10:08:05","modified_gmt":"2024-10-17T07:08:05","slug":"mikdad-abdulhadi-ile-bir-araya-gelerek-suriyenin-filistin-davasina-kalici-destegini-vurguladi","status":"publish","type":"post","link":"https:\/\/archive.sana.sy\/tr\/?p=310175","title":{"rendered":"Mikdad, Abd\u00fclhadi \u0130le Bir Araya Gelerek, Suriye&#8217;nin Filistin Davas\u0131na Kal\u0131c\u0131 Deste\u011fini Vurgulad\u0131"},"content":{"rendered":"<p style=\"text-align: justify;\"><strong>\u015eAM (SANA)<\/strong> &#8211; Cumhurba\u015fkan\u0131 Yard\u0131mc\u0131s\u0131 Faysal Mikdad, Filistin Kurtulu\u015f \u00d6rg\u00fct\u00fc Arap \u0130li\u015fkileri Departman\u0131 Genel M\u00fcd\u00fcr\u00fc Enver Abd\u00fclhadi ile bir araya gelerek, \u0130srail&#8217;in i\u015fgal edilen Filistin topraklar\u0131nda Filistin halk\u0131na kar\u015f\u0131 devam eden sald\u0131rganl\u0131klar\u0131n\u0131 g\u00f6r\u00fc\u015ft\u00fc.<\/p>\n<p style=\"text-align: justify;\">Abd\u00fclhadi, i\u015fgalci \u0130srail\u2019in Filistin halk\u0131na y\u00f6nelik su\u00e7 eylemlerinin artmas\u0131 ve \u0130srail varl\u0131\u011f\u0131n\u0131n b\u00f6lgeyi alevlendirmek i\u00e7in sald\u0131rganl\u0131\u011f\u0131n\u0131 geni\u015fletme giri\u015fimleri \u0131\u015f\u0131\u011f\u0131nda Filistin sahnesindeki geli\u015fmeleri anlatrken, Filistin taraf\u0131n\u0131n, Suriye&#8217;nin Filistin davas\u0131n\u0131 destekleme konusundaki ilkeli tutumuna duydu\u011fu takdiri de dile getirdi.<\/p>\n<p style=\"text-align: justify;\">Cumhurba\u015fkan\u0131 yard\u0131mc\u0131s\u0131 Mikdad ise, Suriye Arap Cumhuriyeti&#8217;nin Filistin davas\u0131n\u0131 destekleme konusundaki sa\u011flam konumunu ve Filistin halk\u0131n\u0131n me\u015fru haklar\u0131n\u0131 yeniden kazanma ve kendi topraklar\u0131nda ba\u011f\u0131ms\u0131z devletlerini kurma hakk\u0131n\u0131 vurgulad\u0131.<\/p>\n<p style=\"text-align: center;\"><strong><a href=\"https:\/\/t.me\/SuriyeArapHaberAjansI\">Telegram Kanal\u0131m\u0131z\u00a0<\/a>||<a href=\"https:\/\/twitter.com\/arap_ajans\">X Platformumuz\u00a0<\/a>||<a href=\"https:\/\/www.facebook.com\/SANAHaberAjansi\/\">Facebook Sayfam\u0131z<\/a><\/strong><\/p>\n","protected":false},"excerpt":{"rendered":"<p>\u015eAM (SANA) &#8211; Cumhurba\u015fkan\u0131 Yard\u0131mc\u0131s\u0131 Faysal Mikdad, Filistin Kurtulu\u015f \u00d6rg\u00fct\u00fc Arap \u0130li\u015fkileri Departman\u0131 Genel M\u00fcd\u00fcr\u00fc Enver Abd\u00fclhadi ile bir araya gelerek, \u0130srail&#8217;in i\u015fgal edilen Filistin topraklar\u0131nda Filistin halk\u0131na kar\u015f\u0131 devam eden sald\u0131rganl\u0131klar\u0131n\u0131 g\u00f6r\u00fc\u015ft\u00fc. Abd\u00fclhadi, i\u015fgalci \u0130srail\u2019in Filistin halk\u0131na y\u00f6nelik su\u00e7 eylemlerinin artmas\u0131 ve \u0130srail varl\u0131\u011f\u0131n\u0131n b\u00f6lgeyi alevlendirmek i\u00e7in sald\u0131rganl\u0131\u011f\u0131n\u0131 geni\u015fletme giri\u015fimleri \u0131\u015f\u0131\u011f\u0131nda Filistin sahnesindeki geli\u015fmeleri &hellip;<\/p>\n","protected":false},"author":41,"featured_media":310176,"comment_status":"closed","ping_status":"closed","sticky":false,"template":"","format":"standard","meta":{"footnotes":""},"categories":[458,459,17988],"tags":[42673,38328,42674],"class_list":["post-310175","post","type-post","status-publish","format-standard","has-post-thumbnail","","category-dunya1","category-haberler-arap-uluslararasi-politika","category-son-haberler","tag-abdulhadi-ile-bir-araya-gelerek","tag-mikdad","tag-suriyenin-filistin-davasina-kalici-destegini-vurguladi"],"_links":{"self":[{"href":"https:\/\/archive.sana.sy\/tr\/index.php?rest_route=\/wp\/v2\/posts\/310175","targetHints":{"allow":["GET"]}}],"collection":[{"href":"https:\/\/archive.sana.sy\/tr\/index.php?rest_route=\/wp\/v2\/posts"}],"about":[{"href":"https:\/\/archive.sana.sy\/tr\/index.php?rest_route=\/wp\/v2\/types\/post"}],"author":[{"embeddable":true,"href":"https:\/\/archive.sana.sy\/tr\/index.php?rest_route=\/wp\/v2\/users\/41"}],"replies":[{"embeddable":true,"href":"https:\/\/archive.sana.sy\/tr\/index.php?rest_route=%2Fwp%2Fv2%2Fcomments&post=310175"}],"version-history":[{"count":1,"href":"https:\/\/archive.sana.sy\/tr\/index.php?rest_route=\/wp\/v2\/posts\/310175\/revisions"}],"predecessor-version":[{"id":310177,"href":"https:\/\/archive.sana.sy\/tr\/index.php?rest_route=\/wp\/v2\/posts\/310175\/revisions\/310177"}],"wp:featuredmedia":[{"embeddable":true,"href":"https:\/\/archive.sana.sy\/tr\/index.php?rest_route=\/wp\/v2\/media\/310176"}],"wp:attachment":[{"href":"https:\/\/archive.sana.sy\/tr\/index.php?rest_route=%2Fwp%2Fv2%2Fmedia&parent=310175"}],"wp:term":[{"taxonomy":"category","embeddable":true,"href":"https:\/\/archive.sana.sy\/tr\/index.php?rest_route=%2Fwp%2Fv2%2Fcategories&post=310175"},{"taxonomy":"post_tag","embeddable":true,"href":"https:\/\/archive.sana.sy\/tr\/index.php?rest_route=%2Fwp%2Fv2%2Ftags&post=310175"}],"curies":[{"name":"wp","href":"https:\/\/api.w.org\/{rel}","templated":true}]}}