{"id":310181,"date":"2024-10-16T11:15:18","date_gmt":"2024-10-16T08:15:18","guid":{"rendered":"https:\/\/sana.sy\/tr\/?p=310181"},"modified":"2024-10-16T18:21:58","modified_gmt":"2024-10-16T15:21:58","slug":"sam-kanatlari-havayollari-istanbul-ve-kahireye-haftada-iki-ucus-gerceklestirecegini-duyurdu","status":"publish","type":"post","link":"https:\/\/archive.sana.sy\/tr\/?p=310181","title":{"rendered":"\u015eam Kanatlar\u0131 Havayollar\u0131, \u0130stanbul ve Kahire&#8217;ye Haftada \u0130ki U\u00e7u\u015f Ger\u00e7ekle\u015ftirece\u011fini Duyurdu"},"content":{"rendered":"<p style=\"text-align: justify;\"><strong>\u015eAM (SANA)<\/strong> &#8211; \u015eam Kanatlar\u0131 Havayollar\u0131, \u00f6n\u00fcm\u00fczdeki Kas\u0131m ay\u0131n\u0131n ba\u015f\u0131ndan itibaren \u015eam Uluslararas\u0131 Havaliman\u0131&#8217;ndan ve Kuveyt Havaliman\u0131 \u00fczerinden hem \u0130stanbul hem de Kahire&#8217;ye haftada iki yeni u\u00e7u\u015f ger\u00e7ekle\u015ftirece\u011fini duyurdu.<\/p>\n<p style=\"text-align: justify;\">\u015eirket, bir n\u00fcshas\u0131n\u0131n SANA&#8217;ya ula\u015ft\u0131\u011f\u0131 \u00a0a\u00e7\u0131klamada, \u2018\u2019\u015eam Uluslararas\u0131 Havaliman\u0131&#8217;ndan Kuveyt Uluslararas\u0131 Havaliman\u0131 \u00fczerinden M\u0131s\u0131r&#8217;daki Kahire ve T\u00fcrkiye&#8217;deki \u0130stanbul havalimanlar\u0131na her Sal\u0131 ve Cuma olmak \u00fczere haftada ortalama iki u\u00e7u\u015f ger\u00e7ekle\u015ftiriliyor\u2019\u2019 diyerek, \u00a0\u015firketin, bileti 3 milyon 900 bin Suriye liras\u0131ndan ba\u015flayan fiyatlarla, seyahat edenlerin kabiliyetlerini de dikkate alarak rekabet\u00e7i bir fiyatla sundu\u011funu kaydetti.<\/p>\n<p style=\"text-align: justify;\">\u015eirket ayr\u0131ca, iki u\u00e7u\u015fun ger\u00e7ekle\u015ftirilmesinin amac\u0131n\u0131n seyahat y\u00fck\u00fcn\u00fc hafifletmek ve mevcut ko\u015fullar \u0131\u015f\u0131\u011f\u0131nda yolcular\u0131n kar\u015f\u0131la\u015ft\u0131\u011f\u0131 zorluklar\u0131n \u00fcstesinden gelmek oldu\u011funu kaydetti.<\/p>\n<p style=\"text-align: center;\"><strong><a href=\"https:\/\/t.me\/SuriyeArapHaberAjansI\">Telegram Kanal\u0131m\u0131z\u00a0<\/a>||<a href=\"https:\/\/twitter.com\/arap_ajans\">X Platformumuz\u00a0<\/a>||<a href=\"https:\/\/www.facebook.com\/SANAHaberAjansi\/\">Facebook Sayfam\u0131z<\/a><\/strong><\/p>\n","protected":false},"excerpt":{"rendered":"<p>\u015eAM (SANA) &#8211; \u015eam Kanatlar\u0131 Havayollar\u0131, \u00f6n\u00fcm\u00fczdeki Kas\u0131m ay\u0131n\u0131n ba\u015f\u0131ndan itibaren \u015eam Uluslararas\u0131 Havaliman\u0131&#8217;ndan ve Kuveyt Havaliman\u0131 \u00fczerinden hem \u0130stanbul hem de Kahire&#8217;ye haftada iki yeni u\u00e7u\u015f ger\u00e7ekle\u015ftirece\u011fini duyurdu. \u015eirket, bir n\u00fcshas\u0131n\u0131n SANA&#8217;ya ula\u015ft\u0131\u011f\u0131 \u00a0a\u00e7\u0131klamada, \u2018\u2019\u015eam Uluslararas\u0131 Havaliman\u0131&#8217;ndan Kuveyt Uluslararas\u0131 Havaliman\u0131 \u00fczerinden M\u0131s\u0131r&#8217;daki Kahire ve T\u00fcrkiye&#8217;deki \u0130stanbul havalimanlar\u0131na her Sal\u0131 ve Cuma olmak \u00fczere haftada &hellip;<\/p>\n","protected":false},"author":41,"featured_media":310182,"comment_status":"closed","ping_status":"closed","sticky":false,"template":"","format":"standard","meta":{"footnotes":""},"categories":[458,589,459,17988],"tags":[42677],"class_list":["post-310181","post","type-post","status-publish","format-standard","has-post-thumbnail","","category-dunya1","category-haber-seridi","category-haberler-arap-uluslararasi-politika","category-son-haberler","tag-suriye-ile-turkiye-arasindaki-ilis"],"_links":{"self":[{"href":"https:\/\/archive.sana.sy\/tr\/index.php?rest_route=\/wp\/v2\/posts\/310181","targetHints":{"allow":["GET"]}}],"collection":[{"href":"https:\/\/archive.sana.sy\/tr\/index.php?rest_route=\/wp\/v2\/posts"}],"about":[{"href":"https:\/\/archive.sana.sy\/tr\/index.php?rest_route=\/wp\/v2\/types\/post"}],"author":[{"embeddable":true,"href":"https:\/\/archive.sana.sy\/tr\/index.php?rest_route=\/wp\/v2\/users\/41"}],"replies":[{"embeddable":true,"href":"https:\/\/archive.sana.sy\/tr\/index.php?rest_route=%2Fwp%2Fv2%2Fcomments&post=310181"}],"version-history":[{"count":1,"href":"https:\/\/archive.sana.sy\/tr\/index.php?rest_route=\/wp\/v2\/posts\/310181\/revisions"}],"predecessor-version":[{"id":310183,"href":"https:\/\/archive.sana.sy\/tr\/index.php?rest_route=\/wp\/v2\/posts\/310181\/revisions\/310183"}],"wp:featuredmedia":[{"embeddable":true,"href":"https:\/\/archive.sana.sy\/tr\/index.php?rest_route=\/wp\/v2\/media\/310182"}],"wp:attachment":[{"href":"https:\/\/archive.sana.sy\/tr\/index.php?rest_route=%2Fwp%2Fv2%2Fmedia&parent=310181"}],"wp:term":[{"taxonomy":"category","embeddable":true,"href":"https:\/\/archive.sana.sy\/tr\/index.php?rest_route=%2Fwp%2Fv2%2Fcategories&post=310181"},{"taxonomy":"post_tag","embeddable":true,"href":"https:\/\/archive.sana.sy\/tr\/index.php?rest_route=%2Fwp%2Fv2%2Ftags&post=310181"}],"curies":[{"name":"wp","href":"https:\/\/api.w.org\/{rel}","templated":true}]}}