{"id":31020,"date":"2015-04-26T19:25:57","date_gmt":"2015-04-26T16:25:57","guid":{"rendered":"http:\/\/www.sana.sy\/tr\/?p=31020"},"modified":"2015-04-26T19:28:38","modified_gmt":"2015-04-26T16:28:38","slug":"fransiz-heyet-uyeleri-terore-karsi-mucadelede-suriyenin-yanindayiz","status":"publish","type":"post","link":"https:\/\/archive.sana.sy\/tr\/?p=31020","title":{"rendered":"Frans\u0131z Heyet \u00dcyeleri: Ter\u00f6re Kar\u015f\u0131 M\u00fccadelede Suriye\u2019nin Yan\u0131nday\u0131z"},"content":{"rendered":"<p>LAZK\u0130YE \u2013 Lazkiye\u2019yi ziyaret etmekte olan Frans\u0131z heyet \u00fcyeleri, Suriye\u2019nin tekfirci ter\u00f6re kar\u015f\u0131 m\u00fccadelede b\u00fct\u00fcn d\u00fcnya devletlerinin en \u00f6n saf\u0131nda yer ald\u0131\u011f\u0131n\u0131 dile getirerek bu m\u00fccadelede Suriye\u2019nin yan\u0131nda yer ald\u0131klar\u0131n\u0131 ve dayan\u0131\u015fma i\u00e7erisinde olduklar\u0131n\u0131 belirttiler.<\/p>\n<p><a href=\"http:\/\/www.sana.sy\/tr\/wp-content\/uploads\/2015\/04\/Lazkiye1.jpg\"><img loading=\"lazy\" decoding=\"async\" class=\"alignright wp-image-31021 size-medium\" src=\"http:\/\/www.sana.sy\/tr\/wp-content\/uploads\/2015\/04\/Lazkiye1-300x160.jpg\" alt=\"Lazkiye\" width=\"300\" height=\"160\" srcset=\"https:\/\/archive.sana.sy\/tr\/wp-content\/uploads\/2015\/04\/Lazkiye1-300x160.jpg 300w, https:\/\/archive.sana.sy\/tr\/wp-content\/uploads\/2015\/04\/Lazkiye1-150x80.jpg 150w, https:\/\/archive.sana.sy\/tr\/wp-content\/uploads\/2015\/04\/Lazkiye1.jpg 620w\" sizes=\"auto, (max-width: 300px) 100vw, 300px\" \/><\/a>Lazkiye Valisi \u0130brahim H\u0131d\u0131r el Salim ile bir araya gelen Frans\u0131z Heyet \u00fcyeleri, ziyaretleri s\u0131ras\u0131nda Suriyeliler aras\u0131nda ho\u015fg\u00f6r\u00fc ve karde\u015fli\u011fi \u00f6vg\u00fcl\u00fc c\u00fcmlelerle ifade ederek burada tan\u0131k olduklar\u0131 b\u00fct\u00fcn ger\u00e7ekleri Fransa ve d\u00fcnya kamuoyuna ta\u015f\u0131yacaklar\u0131n\u0131 vurgulad\u0131lar.<\/p>\n<p>\u00d6te yandan Lazkiye\u2019de ter\u00f6r olaylar\u0131n\u0131n g\u00fcnl\u00fck ya\u015fant\u0131ya yans\u0131malar\u0131na ili\u015fkin bir anlat\u0131m sunan Vali Salim, ayr\u0131ca Lazkiye\u2019ni tarihi ve turistik \u00f6zelliklerini anlatt\u0131.<\/p>\n<p>Bu ziyaretle ter\u00f6re kar\u015f\u0131 sava\u015fta Suriye ile dayan\u0131\u015fmalar\u0131n\u0131 yans\u0131tmay\u0131 ama\u00e7lad\u0131klar\u0131n\u0131 dile getiren heyet \u00fcyeleri ziyaretleri s\u00fcresince yetkililerle ve vatanda\u015flarla yapt\u0131klar\u0131 g\u00f6r\u00fc\u015fmelerden ve tan\u0131k olduklar\u0131 muameleden \u00e7ok etkilendiklerini belirttiler.<\/p>\n<p>Bilinece\u011fi \u00fczere Lazkiye \u015fehrini ziyaret etmekte olan bu heyetten \u00f6nce yakla\u015f\u0131k bir ay \u00f6nce de Frans\u0131z turistik bir heyet Suriye\u2019yi ziyaret ederek Fransa halk\u0131n\u0131n Suriye ile dayan\u0131\u015fma i\u00e7erisinde oldu\u011funu ifade etmi\u015fti.<\/p>\n<p>F.B. &#8211; M.M.<\/p>\n","protected":false},"excerpt":{"rendered":"<p>LAZK\u0130YE \u2013 Lazkiye\u2019yi ziyaret etmekte olan Frans\u0131z heyet \u00fcyeleri, Suriye\u2019nin tekfirci ter\u00f6re kar\u015f\u0131 m\u00fccadelede b\u00fct\u00fcn d\u00fcnya devletlerinin en \u00f6n saf\u0131nda yer ald\u0131\u011f\u0131n\u0131 dile getirerek bu m\u00fccadelede Suriye\u2019nin yan\u0131nda yer ald\u0131klar\u0131n\u0131 ve dayan\u0131\u015fma i\u00e7erisinde olduklar\u0131n\u0131 belirttiler. Lazkiye Valisi \u0130brahim H\u0131d\u0131r el Salim ile bir araya gelen Frans\u0131z Heyet \u00fcyeleri, ziyaretleri s\u0131ras\u0131nda Suriyeliler aras\u0131nda ho\u015fg\u00f6r\u00fc ve karde\u015fli\u011fi &hellip;<\/p>\n","protected":false},"author":1,"featured_media":31022,"comment_status":"closed","ping_status":"closed","sticky":false,"template":"","format":"standard","meta":{"footnotes":""},"categories":[479,478],"tags":[14071,14072,14073],"class_list":["post-31020","post","type-post","status-publish","format-standard","has-post-thumbnail","","category-haberler-yerel","category-yerel","tag-fransiz-heyet-uyeleri-terore-karsi-mucadelede-suriyenin-yanindayiz","tag-lazkiye-lazkiyeyi-ziyaret-etmekte-olan-fransiz-heyet-uyeleri","tag-suriyenin-tekfirci-terore-karsi-mucadelede-butun-dunya-devletlerinin-en-on-safinda-yer-aldigini-dile-getirerek-bu-mucadelede-suriyenin-yaninda-yer-aldiklarini-ve-dayanisma-icerisinde"],"_links":{"self":[{"href":"https:\/\/archive.sana.sy\/tr\/index.php?rest_route=\/wp\/v2\/posts\/31020","targetHints":{"allow":["GET"]}}],"collection":[{"href":"https:\/\/archive.sana.sy\/tr\/index.php?rest_route=\/wp\/v2\/posts"}],"about":[{"href":"https:\/\/archive.sana.sy\/tr\/index.php?rest_route=\/wp\/v2\/types\/post"}],"author":[{"embeddable":true,"href":"https:\/\/archive.sana.sy\/tr\/index.php?rest_route=\/wp\/v2\/users\/1"}],"replies":[{"embeddable":true,"href":"https:\/\/archive.sana.sy\/tr\/index.php?rest_route=%2Fwp%2Fv2%2Fcomments&post=31020"}],"version-history":[{"count":0,"href":"https:\/\/archive.sana.sy\/tr\/index.php?rest_route=\/wp\/v2\/posts\/31020\/revisions"}],"wp:featuredmedia":[{"embeddable":true,"href":"https:\/\/archive.sana.sy\/tr\/index.php?rest_route=\/wp\/v2\/media\/31022"}],"wp:attachment":[{"href":"https:\/\/archive.sana.sy\/tr\/index.php?rest_route=%2Fwp%2Fv2%2Fmedia&parent=31020"}],"wp:term":[{"taxonomy":"category","embeddable":true,"href":"https:\/\/archive.sana.sy\/tr\/index.php?rest_route=%2Fwp%2Fv2%2Fcategories&post=31020"},{"taxonomy":"post_tag","embeddable":true,"href":"https:\/\/archive.sana.sy\/tr\/index.php?rest_route=%2Fwp%2Fv2%2Ftags&post=31020"}],"curies":[{"name":"wp","href":"https:\/\/api.w.org\/{rel}","templated":true}]}}