{"id":310210,"date":"2024-10-17T15:48:20","date_gmt":"2024-10-17T12:48:20","guid":{"rendered":"https:\/\/sana.sy\/tr\/?p=310210"},"modified":"2024-10-17T15:48:20","modified_gmt":"2024-10-17T12:48:20","slug":"isgalin-cebaliye-kampindaki-yeni-katliaminda-22-sehit","status":"publish","type":"post","link":"https:\/\/archive.sana.sy\/tr\/?p=310210","title":{"rendered":"\u0130\u015fgalin Cebaliye Kamp\u0131ndaki Yeni Katliam\u0131nda 22 \u015eehit"},"content":{"rendered":"<p style=\"text-align: justify;\"><strong>\u0130\u015eGAL ED\u0130LEN KUD\u00dcS (SANA)<\/strong>\u00a0&#8211; \u0130\u015fgalci\u00a0israil\u2019in Gazze \u015eeridi&#8217;nin kuzeyindeki Cebaliye kamp\u0131nda bug\u00fcn ger\u00e7ekle\u015ftirdi\u011fi yeni katliamda en az 22 Filistinli \u015fehit oldu, onlarca ki\u015fi de yaraland\u0131.<\/p>\n<p style=\"text-align: justify;\">\u00a0WAFA Ajans\u0131, i\u015fgal u\u00e7aklar\u0131n\u0131n Cebaliye kamp\u0131n\u0131n ortas\u0131nda yerlerinden edilmi\u015f ki\u015filerin bar\u0131nd\u0131\u011f\u0131 bir UNRWA ilkokulunu bombalad\u0131\u011f\u0131n\u0131, bunun sonucunda \u00e7ocuklar ve kad\u0131nlar da dahil olmak \u00fczere en az 22 ki\u015finin \u015fehit d\u00fc\u015fmesine ve baz\u0131lar\u0131n\u0131n durumu ciddi olan d\u00fczinelerce yaralanmas\u0131na yol a\u00e7t\u0131\u011f\u0131n\u0131 bildirdi.<\/p>\n<p style=\"text-align: justify;\">\u0130\u015fgalcilerin ayr\u0131ca, Gazze \u015eeridi&#8217;nin merkezindeki Deyir El Blah \u015fehrinin do\u011fusunda bug\u00fcn erken saatlerde yerinden edilmi\u015f insanlar i\u00e7in bir \u00e7ad\u0131r\u0131 bombalamas\u0131 sonucu \u00e7ok say\u0131da Filistinli \u015fehit oldu, di\u011ferleri de yaraland\u0131.<\/p>\n<p style=\"text-align: center;\"><strong><a href=\"https:\/\/t.me\/SuriyeArapHaberAjansI\">Telegram Kanal\u0131m\u0131z\u00a0<\/a>||<a href=\"https:\/\/twitter.com\/arap_ajans\">X Platformumuz\u00a0<\/a>||<a href=\"https:\/\/www.facebook.com\/SANAHaberAjansi\/\">Facebook Sayfam\u0131z<\/a><\/strong><\/p>\n","protected":false},"excerpt":{"rendered":"<p>\u0130\u015eGAL ED\u0130LEN KUD\u00dcS (SANA)\u00a0&#8211; \u0130\u015fgalci\u00a0israil\u2019in Gazze \u015eeridi&#8217;nin kuzeyindeki Cebaliye kamp\u0131nda bug\u00fcn ger\u00e7ekle\u015ftirdi\u011fi yeni katliamda en az 22 Filistinli \u015fehit oldu, onlarca ki\u015fi de yaraland\u0131. \u00a0WAFA Ajans\u0131, i\u015fgal u\u00e7aklar\u0131n\u0131n Cebaliye kamp\u0131n\u0131n ortas\u0131nda yerlerinden edilmi\u015f ki\u015filerin bar\u0131nd\u0131\u011f\u0131 bir UNRWA ilkokulunu bombalad\u0131\u011f\u0131n\u0131, bunun sonucunda \u00e7ocuklar ve kad\u0131nlar da dahil olmak \u00fczere en az 22 ki\u015finin \u015fehit d\u00fc\u015fmesine ve &hellip;<\/p>\n","protected":false},"author":41,"featured_media":310212,"comment_status":"closed","ping_status":"closed","sticky":false,"template":"","format":"standard","meta":{"footnotes":""},"categories":[458,589,459,17988],"tags":[42681],"class_list":["post-310210","post","type-post","status-publish","format-standard","has-post-thumbnail","","category-dunya1","category-haber-seridi","category-haberler-arap-uluslararasi-politika","category-son-haberler","tag-isgalin-cebaliye-kampindaki-yeni-katliaminda-22-sehit"],"_links":{"self":[{"href":"https:\/\/archive.sana.sy\/tr\/index.php?rest_route=\/wp\/v2\/posts\/310210","targetHints":{"allow":["GET"]}}],"collection":[{"href":"https:\/\/archive.sana.sy\/tr\/index.php?rest_route=\/wp\/v2\/posts"}],"about":[{"href":"https:\/\/archive.sana.sy\/tr\/index.php?rest_route=\/wp\/v2\/types\/post"}],"author":[{"embeddable":true,"href":"https:\/\/archive.sana.sy\/tr\/index.php?rest_route=\/wp\/v2\/users\/41"}],"replies":[{"embeddable":true,"href":"https:\/\/archive.sana.sy\/tr\/index.php?rest_route=%2Fwp%2Fv2%2Fcomments&post=310210"}],"version-history":[{"count":1,"href":"https:\/\/archive.sana.sy\/tr\/index.php?rest_route=\/wp\/v2\/posts\/310210\/revisions"}],"predecessor-version":[{"id":310213,"href":"https:\/\/archive.sana.sy\/tr\/index.php?rest_route=\/wp\/v2\/posts\/310210\/revisions\/310213"}],"wp:featuredmedia":[{"embeddable":true,"href":"https:\/\/archive.sana.sy\/tr\/index.php?rest_route=\/wp\/v2\/media\/310212"}],"wp:attachment":[{"href":"https:\/\/archive.sana.sy\/tr\/index.php?rest_route=%2Fwp%2Fv2%2Fmedia&parent=310210"}],"wp:term":[{"taxonomy":"category","embeddable":true,"href":"https:\/\/archive.sana.sy\/tr\/index.php?rest_route=%2Fwp%2Fv2%2Fcategories&post=310210"},{"taxonomy":"post_tag","embeddable":true,"href":"https:\/\/archive.sana.sy\/tr\/index.php?rest_route=%2Fwp%2Fv2%2Ftags&post=310210"}],"curies":[{"name":"wp","href":"https:\/\/api.w.org\/{rel}","templated":true}]}}