{"id":310215,"date":"2024-10-17T16:17:03","date_gmt":"2024-10-17T13:17:03","guid":{"rendered":"https:\/\/sana.sy\/tr\/?p=310215"},"modified":"2024-10-17T16:35:44","modified_gmt":"2024-10-17T13:35:44","slug":"bayindirlik-bakani-belarus-buyukelcisi-ile-ortak-isbirligi-iliskilerini-gorustu","status":"publish","type":"post","link":"https:\/\/archive.sana.sy\/tr\/?p=310215","title":{"rendered":"Bay\u0131nd\u0131rl\u0131k Bakan\u0131 Belarus B\u00fcy\u00fckel\u00e7isi \u0130le Ortak \u0130\u015fbirli\u011fi \u0130li\u015fkilerini G\u00f6r\u00fc\u015ft\u00fc"},"content":{"rendered":"<p style=\"text-align: justify;\"><strong>\u015eAM (SANA)<\/strong> &#8211; Bay\u0131nd\u0131rl\u0131k ve \u0130skan Bakan\u0131 Hamza Ali, Belarus Cumhuriyeti&#8217;nin \u015eam B\u00fcy\u00fckel\u00e7isi Yuri Sluka ile bug\u00fcn iki taraf aras\u0131nda m\u00fchendislik alan\u0131nda ili\u015fkileri ve ortak i\u015fbirli\u011fi anla\u015fmalar\u0131n\u0131 harekete ge\u00e7irme mekanizmas\u0131n\u0131 g\u00f6r\u00fc\u015ft\u00fc.<\/p>\n<p style=\"text-align: justify;\">Bug\u00fcn bakanl\u0131k binas\u0131nda ger\u00e7ekle\u015ftirilen toplant\u0131da Bakan Ali, iki taraf aras\u0131ndaki ortak i\u015fbirli\u011fi anla\u015fmalar\u0131n\u0131n uygulanmas\u0131n\u0131n h\u0131zland\u0131r\u0131lmas\u0131 ve uygulanmas\u0131n\u0131 geciktirecek her t\u00fcrl\u00fc zorlu\u011fun a\u015f\u0131lmas\u0131 gerekti\u011fini vurgulad\u0131.<\/p>\n<p style=\"text-align: justify;\">B\u00fcy\u00fckel\u00e7i Sluka ise, bakanl\u0131\u011f\u0131n temsil etti\u011fi \u00f6nemli role ve gelecekteki ortak \u00e7al\u0131\u015fmalar\u0131n temelini olu\u015fturan anla\u015fmalar\u0131n ve iki \u00fclkenin iyili\u011fi i\u00e7in ba\u015flat\u0131lan \u00e7al\u0131\u015fmalar\u0131n tamamlanmas\u0131n\u0131n \u00f6nemine dikkat \u00e7ekti.<\/p>\n<p style=\"text-align: center;\"><strong><a href=\"https:\/\/t.me\/SuriyeArapHaberAjansI\">Telegram Kanal\u0131m\u0131z\u00a0<\/a>||<a href=\"https:\/\/twitter.com\/arap_ajans\">X Platformumuz\u00a0<\/a>||<a href=\"https:\/\/www.facebook.com\/SANAHaberAjansi\/\">Facebook Sayfam\u0131z<\/a><\/strong><\/p>\n","protected":false},"excerpt":{"rendered":"<p>\u015eAM (SANA) &#8211; Bay\u0131nd\u0131rl\u0131k ve \u0130skan Bakan\u0131 Hamza Ali, Belarus Cumhuriyeti&#8217;nin \u015eam B\u00fcy\u00fckel\u00e7isi Yuri Sluka ile bug\u00fcn iki taraf aras\u0131nda m\u00fchendislik alan\u0131nda ili\u015fkileri ve ortak i\u015fbirli\u011fi anla\u015fmalar\u0131n\u0131 harekete ge\u00e7irme mekanizmas\u0131n\u0131 g\u00f6r\u00fc\u015ft\u00fc. Bug\u00fcn bakanl\u0131k binas\u0131nda ger\u00e7ekle\u015ftirilen toplant\u0131da Bakan Ali, iki taraf aras\u0131ndaki ortak i\u015fbirli\u011fi anla\u015fmalar\u0131n\u0131n uygulanmas\u0131n\u0131n h\u0131zland\u0131r\u0131lmas\u0131 ve uygulanmas\u0131n\u0131 geciktirecek her t\u00fcrl\u00fc zorlu\u011fun a\u015f\u0131lmas\u0131 gerekti\u011fini vurgulad\u0131. &hellip;<\/p>\n","protected":false},"author":41,"featured_media":310219,"comment_status":"closed","ping_status":"closed","sticky":false,"template":"","format":"standard","meta":{"footnotes":""},"categories":[589,479,17988,478],"tags":[42682],"class_list":["post-310215","post","type-post","status-publish","format-standard","has-post-thumbnail","","category-haber-seridi","category-haberler-yerel","category-son-haberler","category-yerel","tag-bayindirlik-bakani-belarus-buyukelcisi-ile-ortak-isbirligi-iliskilerini-gorustu"],"_links":{"self":[{"href":"https:\/\/archive.sana.sy\/tr\/index.php?rest_route=\/wp\/v2\/posts\/310215","targetHints":{"allow":["GET"]}}],"collection":[{"href":"https:\/\/archive.sana.sy\/tr\/index.php?rest_route=\/wp\/v2\/posts"}],"about":[{"href":"https:\/\/archive.sana.sy\/tr\/index.php?rest_route=\/wp\/v2\/types\/post"}],"author":[{"embeddable":true,"href":"https:\/\/archive.sana.sy\/tr\/index.php?rest_route=\/wp\/v2\/users\/41"}],"replies":[{"embeddable":true,"href":"https:\/\/archive.sana.sy\/tr\/index.php?rest_route=%2Fwp%2Fv2%2Fcomments&post=310215"}],"version-history":[{"count":2,"href":"https:\/\/archive.sana.sy\/tr\/index.php?rest_route=\/wp\/v2\/posts\/310215\/revisions"}],"predecessor-version":[{"id":310220,"href":"https:\/\/archive.sana.sy\/tr\/index.php?rest_route=\/wp\/v2\/posts\/310215\/revisions\/310220"}],"wp:featuredmedia":[{"embeddable":true,"href":"https:\/\/archive.sana.sy\/tr\/index.php?rest_route=\/wp\/v2\/media\/310219"}],"wp:attachment":[{"href":"https:\/\/archive.sana.sy\/tr\/index.php?rest_route=%2Fwp%2Fv2%2Fmedia&parent=310215"}],"wp:term":[{"taxonomy":"category","embeddable":true,"href":"https:\/\/archive.sana.sy\/tr\/index.php?rest_route=%2Fwp%2Fv2%2Fcategories&post=310215"},{"taxonomy":"post_tag","embeddable":true,"href":"https:\/\/archive.sana.sy\/tr\/index.php?rest_route=%2Fwp%2Fv2%2Ftags&post=310215"}],"curies":[{"name":"wp","href":"https:\/\/api.w.org\/{rel}","templated":true}]}}