{"id":310243,"date":"2024-10-18T14:01:53","date_gmt":"2024-10-18T11:01:53","guid":{"rendered":"https:\/\/sana.sy\/tr\/?p=310243"},"modified":"2024-10-18T14:01:53","modified_gmt":"2024-10-18T11:01:53","slug":"olu-denizin-guneyinde-direnis-kursunlariyla-cok-sayida-israil-isgal-askeri-yaralandi","status":"publish","type":"post","link":"https:\/\/archive.sana.sy\/tr\/?p=310243","title":{"rendered":"\u00d6l\u00fc Deniz&#8217;in G\u00fcneyinde Direni\u015f Kur\u015funlar\u0131yla \u00c7ok Say\u0131da \u0130srail \u0130\u015fgal Askeri Yaraland\u0131"},"content":{"rendered":"<p style=\"text-align: justify;\"><strong>\u0130\u015eGAL ED\u0130LAN KUD\u00dcS (SANA) &#8211; <\/strong>\u0130\u015fgal alt\u0131ndaki Filistin&#8217;de \u00d6l\u00fc Deniz&#8217;in g\u00fcneyinde direni\u015f kur\u015funlar\u0131yla \u00e7ok say\u0131da \u0130srail i\u015fgal askeri yaraland\u0131.<\/p>\n<p style=\"text-align: justify;\">D\u00fc\u015fman medyas\u0131, iki direni\u015f sava\u015f\u00e7\u0131s\u0131n\u0131n bug\u00fcn \u00dcrd\u00fcn s\u0131n\u0131r\u0131ndan i\u015fgal edilen Filistin&#8217;e girdi\u011fini ve bir grup d\u00fc\u015fman askerine ate\u015f a\u00e7arak \u00e7ok say\u0131da askeri yaralad\u0131\u011f\u0131n\u0131 bildirdi.<\/p>\n<p style=\"text-align: justify;\">Kahramanca operasyonun faili, b\u00f6lgeye b\u00fcy\u00fck takviye ekip g\u00f6nderen i\u015fgal g\u00fc\u00e7lerinin kur\u015funlar\u0131yla \u015fehit d\u00fc\u015ft\u00fc.<\/p>\n<p style=\"text-align: justify;\">Filistin&#8217;deki direni\u015f komiteleri, \u00d6l\u00fc Deniz&#8217;in g\u00fcneyindeki kahramanca at\u0131\u015f operasyonunu tebrik ederek, bunu Filistin ve L\u00fcbnan&#8217;daki soyk\u0131r\u0131m ve katliamlara kar\u015f\u0131 do\u011fal bir tepki ve do\u011fal bir g\u00f6rev olarak de\u011ferlendirdi.<\/p>\n<p style=\"text-align: justify;\">Direni\u015f komiteleri yapt\u0131klar\u0131 a\u00e7\u0131klamada \u015funlar\u0131 s\u00f6yledi: \u201c\u201cBu kutlu, kahramanca operasyon, Siyonist varl\u0131ktaki ba\u015far\u0131s\u0131zl\u0131k ve ter\u00f6r generallerinin, direni\u015fi ortadan kald\u0131rabilecekleri yan\u0131lsamas\u0131n\u0131 yerle bir etmek i\u00e7in geldi. Bu ayn\u0131 zamanda kahraman direni\u015f\u00e7ilerin hedeflerine istedikleri zaman ve istedikleri \u015fekilde ula\u015fma ve Siyonist d\u00fc\u015fmana ve ordusuna ummad\u0131klar\u0131 yerden sald\u0131rma konusundaki y\u00fcksek yeteneklerini de kan\u0131tlad\u0131.\u201d<\/p>\n<p style=\"text-align: center;\"><strong><a href=\"https:\/\/t.me\/SuriyeArapHaberAjansI\">Telegram Kanal\u0131m\u0131z\u00a0<\/a>||<a href=\"https:\/\/twitter.com\/arap_ajans\">X Platformumuz\u00a0<\/a>||<a href=\"https:\/\/www.facebook.com\/SANAHaberAjansi\/\">Facebook Sayfam\u0131z<\/a><\/strong><\/p>\n","protected":false},"excerpt":{"rendered":"<p>\u0130\u015eGAL ED\u0130LAN KUD\u00dcS (SANA) &#8211; \u0130\u015fgal alt\u0131ndaki Filistin&#8217;de \u00d6l\u00fc Deniz&#8217;in g\u00fcneyinde direni\u015f kur\u015funlar\u0131yla \u00e7ok say\u0131da \u0130srail i\u015fgal askeri yaraland\u0131. D\u00fc\u015fman medyas\u0131, iki direni\u015f sava\u015f\u00e7\u0131s\u0131n\u0131n bug\u00fcn \u00dcrd\u00fcn s\u0131n\u0131r\u0131ndan i\u015fgal edilen Filistin&#8217;e girdi\u011fini ve bir grup d\u00fc\u015fman askerine ate\u015f a\u00e7arak \u00e7ok say\u0131da askeri yaralad\u0131\u011f\u0131n\u0131 bildirdi. Kahramanca operasyonun faili, b\u00f6lgeye b\u00fcy\u00fck takviye ekip g\u00f6nderen i\u015fgal g\u00fc\u00e7lerinin kur\u015funlar\u0131yla \u015fehit &hellip;<\/p>\n","protected":false},"author":41,"featured_media":310244,"comment_status":"closed","ping_status":"closed","sticky":false,"template":"","format":"standard","meta":{"footnotes":""},"categories":[458,589,459,17988],"tags":[42689],"class_list":["post-310243","post","type-post","status-publish","format-standard","has-post-thumbnail","","category-dunya1","category-haber-seridi","category-haberler-arap-uluslararasi-politika","category-son-haberler","tag-olu-denizin-guneyinde-direnis-kursunlariyla-cok-sayida-israil-isgal-askeri-yaralandi"],"_links":{"self":[{"href":"https:\/\/archive.sana.sy\/tr\/index.php?rest_route=\/wp\/v2\/posts\/310243","targetHints":{"allow":["GET"]}}],"collection":[{"href":"https:\/\/archive.sana.sy\/tr\/index.php?rest_route=\/wp\/v2\/posts"}],"about":[{"href":"https:\/\/archive.sana.sy\/tr\/index.php?rest_route=\/wp\/v2\/types\/post"}],"author":[{"embeddable":true,"href":"https:\/\/archive.sana.sy\/tr\/index.php?rest_route=\/wp\/v2\/users\/41"}],"replies":[{"embeddable":true,"href":"https:\/\/archive.sana.sy\/tr\/index.php?rest_route=%2Fwp%2Fv2%2Fcomments&post=310243"}],"version-history":[{"count":1,"href":"https:\/\/archive.sana.sy\/tr\/index.php?rest_route=\/wp\/v2\/posts\/310243\/revisions"}],"predecessor-version":[{"id":310245,"href":"https:\/\/archive.sana.sy\/tr\/index.php?rest_route=\/wp\/v2\/posts\/310243\/revisions\/310245"}],"wp:featuredmedia":[{"embeddable":true,"href":"https:\/\/archive.sana.sy\/tr\/index.php?rest_route=\/wp\/v2\/media\/310244"}],"wp:attachment":[{"href":"https:\/\/archive.sana.sy\/tr\/index.php?rest_route=%2Fwp%2Fv2%2Fmedia&parent=310243"}],"wp:term":[{"taxonomy":"category","embeddable":true,"href":"https:\/\/archive.sana.sy\/tr\/index.php?rest_route=%2Fwp%2Fv2%2Fcategories&post=310243"},{"taxonomy":"post_tag","embeddable":true,"href":"https:\/\/archive.sana.sy\/tr\/index.php?rest_route=%2Fwp%2Fv2%2Ftags&post=310243"}],"curies":[{"name":"wp","href":"https:\/\/api.w.org\/{rel}","templated":true}]}}