{"id":310252,"date":"2024-10-18T19:25:19","date_gmt":"2024-10-18T16:25:19","guid":{"rendered":"https:\/\/sana.sy\/tr\/?p=310252"},"modified":"2024-10-18T19:34:24","modified_gmt":"2024-10-18T16:34:24","slug":"israilin-gazze-seridinde-son-saatlerde-devam-eden-saldirilarinda-62-sehit-ve-300-kisi-yaralandi","status":"publish","type":"post","link":"https:\/\/archive.sana.sy\/tr\/?p=310252","title":{"rendered":"\u0130srail\u2019in Gazze \u015eeridi\u2019nde Son Saatlerde Devam Eden Sald\u0131r\u0131lar\u0131 Sonucu 62 \u015eehit, 300 Yaral\u0131"},"content":{"rendered":"<p style=\"text-align: justify;\"><strong>\u0130\u015eGAL ED\u0130LEN KUD\u00dcS (SANA)- <\/strong>Filistin Sa\u011fl\u0131k Bakanl\u0131\u011f\u0131, \u0130srail i\u015fgalinin son 24 saat i\u00e7inde Gazze \u015eeridi&#8217;nde ailelere y\u00f6nelik 4 katliam yapt\u0131\u011f\u0131n\u0131, 62 \u015fehit ve 300 yaral\u0131n\u0131n hastanelere ula\u015ft\u0131\u011f\u0131n\u0131 duyurdu.<\/p>\n<p style=\"text-align: justify;\">Bakanl\u0131k bug\u00fcn yapt\u0131\u011f\u0131 a\u00e7\u0131klamada, \u0130srail&#8217;in zedelenmi\u015f b\u00f6lgeye y\u00f6nelik 378&#8217;inci g\u00fcn\u00fcnde devam eden sald\u0131r\u0131s\u0131nda \u00f6lenlerin say\u0131s\u0131n\u0131n 42 bin 500 \u015fehit ve 99 bin 546 yaral\u0131ya y\u00fckseldi\u011fini, \u00e7ok say\u0131da ma\u011fdurun ise halen moloz alt\u0131nda, yollarda ve ambulanslarda bulundu\u011funu ve Sivil savunma ekipleri onlara ula\u015famad\u0131\u011f\u0131n\u0131 s\u00f6yledi.<\/p>\n<p style=\"text-align: justify;\">Son saatlerde \u0130srail d\u00fc\u015fman u\u00e7aklar\u0131n\u0131n Gazze \u015eeridi&#8217;nin kuzeyindeki Cebaliye m\u00fclteci kamp\u0131n\u0131n ortas\u0131nda bulunan Fahura b\u00f6lgesini bombalamas\u0131 sonucu 3 Filistinli \u015fehit oldu, \u00e7ok say\u0131da ki\u015fi de yaraland\u0131.<\/p>\n<p style=\"text-align: justify;\">\u0130\u015fgalcilerin kamp\u0131n Tel Elzaatar b\u00f6lgesinde bir dizi evi bombalamas\u0131 sonucu da \u00fc\u00e7 ki\u015fi \u00f6ld\u00fc ve 50&#8217;den fazla ki\u015fi yaraland\u0131; kamp\u0131n merkezindeki bir evin benzer \u015fekilde bombalanmas\u0131 sonucu 13 ki\u015fi de yaraland\u0131.<\/p>\n<p style=\"text-align: justify;\">Gazze \u015eehri&#8217;nde, \u015fehrin bat\u0131s\u0131ndaki El Nasr mahallesindeki Hamid Kav\u015fa\u011f\u0131 yak\u0131n\u0131ndaki bir b\u00f6lgeye d\u00fczenlenen i\u015fgal bombard\u0131man\u0131nda 4 Filistinli \u015fehit oldu, \u00e7ok say\u0131da Filistinli de yaraland\u0131.<\/p>\n<p style=\"text-align: justify;\">\u00a0\u0130\u015fgal u\u00e7aklar\u0131n\u0131n \u015fehrin kuzeyindeki Zarka b\u00f6lgesinde bir grup Filistinliye d\u00fczenledi\u011fi bask\u0131nda aralar\u0131nda \u00e7ocuk ve kad\u0131nlar\u0131n da bulundu\u011fu 14 Filistinli yaraland\u0131.<\/p>\n<p style=\"text-align: center;\"><strong><a href=\"https:\/\/t.me\/SuriyeArapHaberAjansI\">Telegram Kanal\u0131m\u0131z\u00a0<\/a>||<a href=\"https:\/\/twitter.com\/arap_ajans\">X Platformumuz\u00a0<\/a>||<a href=\"https:\/\/www.facebook.com\/SANAHaberAjansi\/\">Facebook Sayfam\u0131z<\/a><\/strong><\/p>\n","protected":false},"excerpt":{"rendered":"<p>\u0130\u015eGAL ED\u0130LEN KUD\u00dcS (SANA)- Filistin Sa\u011fl\u0131k Bakanl\u0131\u011f\u0131, \u0130srail i\u015fgalinin son 24 saat i\u00e7inde Gazze \u015eeridi&#8217;nde ailelere y\u00f6nelik 4 katliam yapt\u0131\u011f\u0131n\u0131, 62 \u015fehit ve 300 yaral\u0131n\u0131n hastanelere ula\u015ft\u0131\u011f\u0131n\u0131 duyurdu. Bakanl\u0131k bug\u00fcn yapt\u0131\u011f\u0131 a\u00e7\u0131klamada, \u0130srail&#8217;in zedelenmi\u015f b\u00f6lgeye y\u00f6nelik 378&#8217;inci g\u00fcn\u00fcnde devam eden sald\u0131r\u0131s\u0131nda \u00f6lenlerin say\u0131s\u0131n\u0131n 42 bin 500 \u015fehit ve 99 bin 546 yaral\u0131ya y\u00fckseldi\u011fini, \u00e7ok say\u0131da &hellip;<\/p>\n","protected":false},"author":43,"featured_media":310256,"comment_status":"closed","ping_status":"closed","sticky":false,"template":"","format":"standard","meta":{"footnotes":""},"categories":[458,589,459,17988],"tags":[],"class_list":["post-310252","post","type-post","status-publish","format-standard","has-post-thumbnail","","category-dunya1","category-haber-seridi","category-haberler-arap-uluslararasi-politika","category-son-haberler"],"_links":{"self":[{"href":"https:\/\/archive.sana.sy\/tr\/index.php?rest_route=\/wp\/v2\/posts\/310252","targetHints":{"allow":["GET"]}}],"collection":[{"href":"https:\/\/archive.sana.sy\/tr\/index.php?rest_route=\/wp\/v2\/posts"}],"about":[{"href":"https:\/\/archive.sana.sy\/tr\/index.php?rest_route=\/wp\/v2\/types\/post"}],"author":[{"embeddable":true,"href":"https:\/\/archive.sana.sy\/tr\/index.php?rest_route=\/wp\/v2\/users\/43"}],"replies":[{"embeddable":true,"href":"https:\/\/archive.sana.sy\/tr\/index.php?rest_route=%2Fwp%2Fv2%2Fcomments&post=310252"}],"version-history":[{"count":2,"href":"https:\/\/archive.sana.sy\/tr\/index.php?rest_route=\/wp\/v2\/posts\/310252\/revisions"}],"predecessor-version":[{"id":310258,"href":"https:\/\/archive.sana.sy\/tr\/index.php?rest_route=\/wp\/v2\/posts\/310252\/revisions\/310258"}],"wp:featuredmedia":[{"embeddable":true,"href":"https:\/\/archive.sana.sy\/tr\/index.php?rest_route=\/wp\/v2\/media\/310256"}],"wp:attachment":[{"href":"https:\/\/archive.sana.sy\/tr\/index.php?rest_route=%2Fwp%2Fv2%2Fmedia&parent=310252"}],"wp:term":[{"taxonomy":"category","embeddable":true,"href":"https:\/\/archive.sana.sy\/tr\/index.php?rest_route=%2Fwp%2Fv2%2Fcategories&post=310252"},{"taxonomy":"post_tag","embeddable":true,"href":"https:\/\/archive.sana.sy\/tr\/index.php?rest_route=%2Fwp%2Fv2%2Ftags&post=310252"}],"curies":[{"name":"wp","href":"https:\/\/api.w.org\/{rel}","templated":true}]}}