{"id":310260,"date":"2024-10-19T10:00:38","date_gmt":"2024-10-19T07:00:38","guid":{"rendered":"https:\/\/sana.sy\/tr\/?p=310260"},"modified":"2024-10-19T10:24:54","modified_gmt":"2024-10-19T07:24:54","slug":"irak-direnisi-isgal-edilen-filistinin-kuzeyindeki-israil-dusman-askeri-tesisini-hedef-aldi","status":"publish","type":"post","link":"https:\/\/archive.sana.sy\/tr\/?p=310260","title":{"rendered":"Irak Direni\u015fi \u0130\u015fgal Edilen Filistin&#8217;in Kuzeyindeki \u0130srail D\u00fc\u015fman Askeri Tesisini Hedef Ald\u0131"},"content":{"rendered":"<p style=\"text-align: justify;\"><strong>BA\u011eDAT (SANA) &#8211;<\/strong> Irak direni\u015fi bu sabah insans\u0131z hava ara\u00e7lar\u0131yla i\u015fgal alt\u0131ndaki Filistin&#8217;in kuzeyinde d\u00fc\u015fman \u0130srail&#8217;in askeri hedefini hedef ald\u0131.<\/p>\n<p style=\"text-align: justify;\">Irak direni\u015fi yapt\u0131\u011f\u0131 a\u00e7\u0131klamada \u015funlar\u0131 s\u00f6yledi: &#8220;\u0130\u015fgale direnme yakla\u015f\u0131m\u0131m\u0131z\u0131n devam\u0131 olarak, Filistin ve L\u00fcbnan&#8217;daki halk\u0131m\u0131za destek, ve gasp\u00e7\u0131 yap\u0131n\u0131n \u00e7ocuklar, kad\u0131nlar ve ya\u015fl\u0131lar da dahil olmak \u00fczere sivillere kar\u015f\u0131 ger\u00e7ekle\u015ftirdi\u011fi katliamlara yan\u0131t olarak Irak&#8217;taki direni\u015f sava\u015f\u00e7\u0131lar\u0131 bu sabah i\u015fgal alt\u0131ndaki topraklar\u0131m\u0131z\u0131n kuzeyindeki askeri hedefe insans\u0131z hava ara\u00e7lar\u0131n\u0131 kullanarak sald\u0131rd\u0131. &#8220;<\/p>\n<p style=\"text-align: justify;\">Direni\u015f ayr\u0131ca, a\u00e7\u0131klamas\u0131n\u0131n sonunda d\u00fc\u015fman kalelerini imha etme operasyonlar\u0131n\u0131n artan bir h\u0131zla devam etti\u011fini do\u011frulad\u0131. Irak direni\u015fi d\u00fcn, i\u015fgal alt\u0131ndaki Filistin&#8217;in kuzeyinde \u0130srail d\u00fc\u015fman\u0131n\u0131n hayati bir b\u00f6lgesini insans\u0131z hava ara\u00e7lar\u0131yla hedef ald\u0131\u011f\u0131n\u0131 duyurmu\u015ftu.<\/p>\n<p style=\"text-align: center;\"><strong><a href=\"https:\/\/t.me\/SuriyeArapHaberAjansI\">Telegram Kanal\u0131m\u0131z\u00a0<\/a>||<a href=\"https:\/\/twitter.com\/arap_ajans\">X Platformumuz\u00a0<\/a>||<a href=\"https:\/\/www.facebook.com\/SANAHaberAjansi\/\">Facebook Sayfam\u0131z<\/a><\/strong><\/p>\n<p>&nbsp;<\/p>\n","protected":false},"excerpt":{"rendered":"<p>BA\u011eDAT (SANA) &#8211; Irak direni\u015fi bu sabah insans\u0131z hava ara\u00e7lar\u0131yla i\u015fgal alt\u0131ndaki Filistin&#8217;in kuzeyinde d\u00fc\u015fman \u0130srail&#8217;in askeri hedefini hedef ald\u0131. Irak direni\u015fi yapt\u0131\u011f\u0131 a\u00e7\u0131klamada \u015funlar\u0131 s\u00f6yledi: &#8220;\u0130\u015fgale direnme yakla\u015f\u0131m\u0131m\u0131z\u0131n devam\u0131 olarak, Filistin ve L\u00fcbnan&#8217;daki halk\u0131m\u0131za destek, ve gasp\u00e7\u0131 yap\u0131n\u0131n \u00e7ocuklar, kad\u0131nlar ve ya\u015fl\u0131lar da dahil olmak \u00fczere sivillere kar\u015f\u0131 ger\u00e7ekle\u015ftirdi\u011fi katliamlara yan\u0131t olarak Irak&#8217;taki direni\u015f &hellip;<\/p>\n","protected":false},"author":41,"featured_media":310261,"comment_status":"closed","ping_status":"closed","sticky":false,"template":"","format":"standard","meta":{"footnotes":""},"categories":[458,589,459,17988],"tags":[42691],"class_list":["post-310260","post","type-post","status-publish","format-standard","has-post-thumbnail","","category-dunya1","category-haber-seridi","category-haberler-arap-uluslararasi-politika","category-son-haberler","tag-irak-direnisi-isgal-edilen-filistinin-kuzeyindeki-israil-dusman-askeri-tesisini-hedef-aldi"],"_links":{"self":[{"href":"https:\/\/archive.sana.sy\/tr\/index.php?rest_route=\/wp\/v2\/posts\/310260","targetHints":{"allow":["GET"]}}],"collection":[{"href":"https:\/\/archive.sana.sy\/tr\/index.php?rest_route=\/wp\/v2\/posts"}],"about":[{"href":"https:\/\/archive.sana.sy\/tr\/index.php?rest_route=\/wp\/v2\/types\/post"}],"author":[{"embeddable":true,"href":"https:\/\/archive.sana.sy\/tr\/index.php?rest_route=\/wp\/v2\/users\/41"}],"replies":[{"embeddable":true,"href":"https:\/\/archive.sana.sy\/tr\/index.php?rest_route=%2Fwp%2Fv2%2Fcomments&post=310260"}],"version-history":[{"count":1,"href":"https:\/\/archive.sana.sy\/tr\/index.php?rest_route=\/wp\/v2\/posts\/310260\/revisions"}],"predecessor-version":[{"id":310262,"href":"https:\/\/archive.sana.sy\/tr\/index.php?rest_route=\/wp\/v2\/posts\/310260\/revisions\/310262"}],"wp:featuredmedia":[{"embeddable":true,"href":"https:\/\/archive.sana.sy\/tr\/index.php?rest_route=\/wp\/v2\/media\/310261"}],"wp:attachment":[{"href":"https:\/\/archive.sana.sy\/tr\/index.php?rest_route=%2Fwp%2Fv2%2Fmedia&parent=310260"}],"wp:term":[{"taxonomy":"category","embeddable":true,"href":"https:\/\/archive.sana.sy\/tr\/index.php?rest_route=%2Fwp%2Fv2%2Fcategories&post=310260"},{"taxonomy":"post_tag","embeddable":true,"href":"https:\/\/archive.sana.sy\/tr\/index.php?rest_route=%2Fwp%2Fv2%2Ftags&post=310260"}],"curies":[{"name":"wp","href":"https:\/\/api.w.org\/{rel}","templated":true}]}}