{"id":310264,"date":"2024-10-19T09:45:21","date_gmt":"2024-10-19T06:45:21","guid":{"rendered":"https:\/\/sana.sy\/tr\/?p=310264"},"modified":"2024-10-19T10:35:39","modified_gmt":"2024-10-19T07:35:39","slug":"hamaney-direnis-sinvarin-sehadeti-ile-bitmeyecektir","status":"publish","type":"post","link":"https:\/\/archive.sana.sy\/tr\/?p=310264","title":{"rendered":"Hamaney: Direni\u015f Sinvar&#8217;\u0131n \u015eehadeti \u0130le Bitmeyecektir"},"content":{"rendered":"<p style=\"text-align: justify;\"><strong>TAHRAN (SANA)<\/strong> &#8211; \u0130ran \u0130slam Devrimi Lideri Ali Hamaney, Filistin direni\u015f hareketi Hamas&#8217;\u0131n, \u201cdireni\u015f ve m\u00fccadelenin parlak y\u00fcz\u00fc\u201d olarak tan\u0131mlad\u0131\u011f\u0131 siyasi b\u00fcro ba\u015fkan\u0131 Yahya Sinvar&#8217;\u0131n \u015fehadetiyle durmayaca\u011f\u0131n\u0131 vurgulad\u0131.<\/p>\n<p style=\"text-align: justify;\">Bug\u00fcn yay\u0131nlanan bir a\u00e7\u0131klamada Hamaney, Sinvar&#8217;\u0131n erdemlerine dikkat \u00e7ekerek, zalim ve sald\u0131rgan d\u00fc\u015fman kar\u015f\u0131s\u0131nda kararl\u0131l\u0131kla ve \u00e7elik gibi bir iradeyle durdu\u011funu, ona cesaretle tokat att\u0131\u011f\u0131n\u0131 ve b\u00f6lgeyi Aksa Tufan\u0131 Operasyonu&#8217;nun miras\u0131yla b\u0131rakt\u0131\u011f\u0131n\u0131 vurgulad\u0131.<\/p>\n<p style=\"text-align: justify;\">Hamaney ayr\u0131ca, y\u0131llar\u0131n\u0131 gasp\u00e7\u0131 ve zalim d\u00fc\u015fmanla sava\u015farak ge\u00e7iren Sinvar gibi bir insan\u0131n, sonunda \u015fehadetten ba\u015fka bir \u015feyi hak etmedi\u011fini vurgularken, \u00a0Direni\u015f Cephesi i\u00e7in kayb\u0131 ac\u0131 olsa da \u00f6nemli isimlerin \u015fehadetiyle bu cephenin ilerlemekten vazge\u00e7medi\u011fine dikkat \u00e7ekti.<\/p>\n<p style=\"text-align: justify;\">&#8220;Hamas ya\u015f\u0131yor ve ya\u015fayacak&#8221; diyen, Hamaney, \u0130ran&#8217;\u0131n direni\u015fe verdi\u011fi deste\u011fi yineledi ve Sinvar&#8217;\u0131n \u015fehadeti nedeniyle tebrik ve taziyelerini Sinvar&#8217;\u0131n ailesi ve arkada\u015flar\u0131na iletti.<\/p>\n<p style=\"text-align: center;\"><strong><a href=\"https:\/\/t.me\/SuriyeArapHaberAjansI\">Telegram Kanal\u0131m\u0131z\u00a0<\/a>||<a href=\"https:\/\/twitter.com\/arap_ajans\">X Platformumuz\u00a0<\/a>||<a href=\"https:\/\/www.facebook.com\/SANAHaberAjansi\/\">Facebook Sayfam\u0131z<\/a><\/strong><\/p>\n","protected":false},"excerpt":{"rendered":"<p>TAHRAN (SANA) &#8211; \u0130ran \u0130slam Devrimi Lideri Ali Hamaney, Filistin direni\u015f hareketi Hamas&#8217;\u0131n, \u201cdireni\u015f ve m\u00fccadelenin parlak y\u00fcz\u00fc\u201d olarak tan\u0131mlad\u0131\u011f\u0131 siyasi b\u00fcro ba\u015fkan\u0131 Yahya Sinvar&#8217;\u0131n \u015fehadetiyle durmayaca\u011f\u0131n\u0131 vurgulad\u0131. Bug\u00fcn yay\u0131nlanan bir a\u00e7\u0131klamada Hamaney, Sinvar&#8217;\u0131n erdemlerine dikkat \u00e7ekerek, zalim ve sald\u0131rgan d\u00fc\u015fman kar\u015f\u0131s\u0131nda kararl\u0131l\u0131kla ve \u00e7elik gibi bir iradeyle durdu\u011funu, ona cesaretle tokat att\u0131\u011f\u0131n\u0131 ve b\u00f6lgeyi &hellip;<\/p>\n","protected":false},"author":41,"featured_media":310265,"comment_status":"closed","ping_status":"closed","sticky":false,"template":"","format":"standard","meta":{"footnotes":""},"categories":[458,589,459,17988],"tags":[42692],"class_list":["post-310264","post","type-post","status-publish","format-standard","has-post-thumbnail","","category-dunya1","category-haber-seridi","category-haberler-arap-uluslararasi-politika","category-son-haberler","tag-hamaney-direnis-sinvarin-sehadeti-ile-bitmeyecektir"],"_links":{"self":[{"href":"https:\/\/archive.sana.sy\/tr\/index.php?rest_route=\/wp\/v2\/posts\/310264","targetHints":{"allow":["GET"]}}],"collection":[{"href":"https:\/\/archive.sana.sy\/tr\/index.php?rest_route=\/wp\/v2\/posts"}],"about":[{"href":"https:\/\/archive.sana.sy\/tr\/index.php?rest_route=\/wp\/v2\/types\/post"}],"author":[{"embeddable":true,"href":"https:\/\/archive.sana.sy\/tr\/index.php?rest_route=\/wp\/v2\/users\/41"}],"replies":[{"embeddable":true,"href":"https:\/\/archive.sana.sy\/tr\/index.php?rest_route=%2Fwp%2Fv2%2Fcomments&post=310264"}],"version-history":[{"count":1,"href":"https:\/\/archive.sana.sy\/tr\/index.php?rest_route=\/wp\/v2\/posts\/310264\/revisions"}],"predecessor-version":[{"id":310266,"href":"https:\/\/archive.sana.sy\/tr\/index.php?rest_route=\/wp\/v2\/posts\/310264\/revisions\/310266"}],"wp:featuredmedia":[{"embeddable":true,"href":"https:\/\/archive.sana.sy\/tr\/index.php?rest_route=\/wp\/v2\/media\/310265"}],"wp:attachment":[{"href":"https:\/\/archive.sana.sy\/tr\/index.php?rest_route=%2Fwp%2Fv2%2Fmedia&parent=310264"}],"wp:term":[{"taxonomy":"category","embeddable":true,"href":"https:\/\/archive.sana.sy\/tr\/index.php?rest_route=%2Fwp%2Fv2%2Fcategories&post=310264"},{"taxonomy":"post_tag","embeddable":true,"href":"https:\/\/archive.sana.sy\/tr\/index.php?rest_route=%2Fwp%2Fv2%2Ftags&post=310264"}],"curies":[{"name":"wp","href":"https:\/\/api.w.org\/{rel}","templated":true}]}}